{"id":17277,"date":"2018-09-10T15:59:37","date_gmt":"2018-09-10T13:59:37","guid":{"rendered":"\/7alire\/?p=17277"},"modified":"2018-09-11T18:01:51","modified_gmt":"2018-09-11T16:01:51","slug":"ephemeride-serie-le-temps-de-vivre-poemes-et-pensees-fabienne-lhoumeau","status":"publish","type":"post","link":"https:\/\/www.o-p-i.fr\/7alire\/7-a-lire-actu\/ephemeride-serie-le-temps-de-vivre-poemes-et-pensees-fabienne-lhoumeau\/","title":{"rendered":"\u00ab\u00a0Eph\u00e9m\u00e9ride\u00a0\u00bb S\u00e9rie \u00ab\u00a0Le temps de vivre&#8230;\u00a0\u00bb Po\u00e8mes et pens\u00e9es. Fabienne LHOUMEAU"},"content":{"rendered":"<figure id=\"attachment_17286\" aria-describedby=\"caption-attachment-17286\" style=\"width: 425px\" class=\"wp-caption alignleft\"><a href=\"https:\/\/www.o-p-i.fr\/7alire\/wp-content\/uploads\/Eph\u00e9m\u00e9ride.jpg\"><img loading=\"lazy\" decoding=\"async\" class=\"size-full wp-image-17286\" src=\"https:\/\/www.o-p-i.fr\/7alire\/wp-content\/uploads\/Eph\u00e9m\u00e9ride.jpg\" alt=\"\" width=\"425\" height=\"304\" srcset=\"https:\/\/www.o-p-i.fr\/7alire\/wp-content\/uploads\/Eph\u00e9m\u00e9ride.jpg 425w, https:\/\/www.o-p-i.fr\/7alire\/wp-content\/uploads\/Eph\u00e9m\u00e9ride-300x215.jpg 300w\" sizes=\"auto, (max-width: 425px) 100vw, 425px\" \/><\/a><figcaption id=\"caption-attachment-17286\" class=\"wp-caption-text\">Eph\u00e9m\u00e9ride<\/figcaption><\/figure>\n<p><strong>Auteur Fabienne Lhoumeau<\/strong><br \/>\n<strong> Recueil de Po\u00e8mes S\u00e9rie \u00ab\u00a0Le Temps\u2026 de Vivre\u00a0\u00bb<\/strong><br \/>\n<strong> Titre Eph\u00e9m\u00e9ride<\/strong><br \/>\n<strong> ISBN 9782954246666<\/strong><br \/>\n<strong> Auto-\u00e9dition<\/strong><br \/>\n<strong> Prix de vente TTC 9 \u20ac<\/strong><br \/>\n<strong> O\u00f9 le trouver\u00a0? A commander aupr\u00e8s de l\u2019auteur\u00a0:<\/strong><br \/>\nSite\u00a0: <a href=\"https:\/\/sites.google.com\/site\/fabiennelhoumeau\" target=\"_blank\" rel=\"noopener\">https:\/\/sites.google.com\/site\/fabiennelhoumeau<\/a><br \/>\nPage facebook: <a href=\"https:\/\/fr-fr.facebook.com\/fabienne.lhoumeau\" target=\"_blank\" rel=\"noopener\">https:\/\/fr-fr.facebook.com\/fabienne.lhoumeau<\/a><br \/>\nAdresse mail : <a href=\"mailto:fabienne.lhoumeau@outlook.fr\">fabienne.lhoumeau@outlook.fr<\/a><\/p>\n<p>S\u00e9rie\u00a0<strong>\u00a0\u00ab\u00a0Le Temps de\u2026 Vivre\u00a0\u00bb<\/strong>, Po\u00e8mes<br \/>\nPour vous offrir quelques minutes de r\u00e9pit, \u00e0 votre gr\u00e9.<\/p>\n<p><strong>Eph\u00e9m\u00e9ride.<\/strong><br \/>\nEph\u00e9m\u00e9ride signifie \u00ab\u00a0Journal\u00a0\u00bb\u00a0; ce recueil dessine le journal de la Vie avec les joies, les peines\u00a0; la maladie, la mort\u00a0; l\u2019amour.<\/p>\n<p><strong>Deux fois prim\u00e9e au Jasmin d\u2019Argent<\/strong><\/p>\n<p>2017, Prix de Conseil D\u00e9partemental pour <strong>\u00ab\u00a0Le Papillon\u00a0\u00bb<\/strong><br \/>\n2018, Prix de la Ville d\u2019Agen, pour <strong>\u00ab\u00a0Le Coquelicot t\u00e9m\u00e9raire\u00a0\u00bb<\/strong>.<\/p>\n<p><strong>Autres titres de la s\u00e9rie Le Temps\u2026 de Vivre<\/strong>\u00a0:<br \/>\nLe Temps d\u2019une Ann\u00e9e<br \/>\nLe Temps d\u2019une Promenade au Jardin<br \/>\nLe Temps d\u2019une Histoire d\u2019Amour<\/p>\n","protected":false},"excerpt":{"rendered":"<div class=\"mh-excerpt\">Auteur Fabienne Lhoumeau Recueil de Po\u00e8mes S\u00e9rie \u00ab\u00a0Le Temps\u2026 de Vivre\u00a0\u00bb Titre Eph\u00e9m\u00e9ride ISBN 9782954246666 Auto-\u00e9dition Prix de vente TTC 9 \u20ac O\u00f9 le trouver\u00a0? A commander aupr\u00e8s de l\u2019auteur\u00a0: Site\u00a0: https:\/\/sites.google.com\/site\/fabiennelhoumeau Page facebook: https:\/\/fr-fr.facebook.com\/fabienne.lhoumeau <a class=\"mh-excerpt-more\" href=\"https:\/\/www.o-p-i.fr\/7alire\/7-a-lire-actu\/ephemeride-serie-le-temps-de-vivre-poemes-et-pensees-fabienne-lhoumeau\/\" title=\"\u00ab\u00a0Eph\u00e9m\u00e9ride\u00a0\u00bb S\u00e9rie \u00ab\u00a0Le temps de vivre&#8230;\u00a0\u00bb Po\u00e8mes et pens\u00e9es. Fabienne LHOUMEAU\">[&#8230;]<\/a><\/div>\n","protected":false},"author":3,"featured_media":0,"comment_status":"open","ping_status":"open","sticky":false,"template":"","format":"standard","meta":{"_jetpack_memberships_contains_paid_content":false,"footnotes":"","_links_to":"","_links_to_target":""},"categories":[4556,3,4,456,49],"tags":[515,4567,3332,1293,794,3620,935],"coauthors":[],"class_list":{"0":"post-17277","1":"post","2":"type-post","3":"status-publish","4":"format-standard","6":"category-lhoumeau-fabienne","7":"category-7-a-lire-actu","8":"category-auteurs-contemporains","9":"category-genre","10":"category-poesie","11":"tag-amour","12":"tag-amour-pour-les-enfants","13":"tag-joie","14":"tag-maladie","15":"tag-mort","16":"tag-peine","17":"tag-vie"},"jetpack_featured_media_url":"","jetpack_sharing_enabled":true,"_links":{"self":[{"href":"https:\/\/www.o-p-i.fr\/7alire\/wp-json\/wp\/v2\/posts\/17277","targetHints":{"allow":["GET"]}}],"collection":[{"href":"https:\/\/www.o-p-i.fr\/7alire\/wp-json\/wp\/v2\/posts"}],"about":[{"href":"https:\/\/www.o-p-i.fr\/7alire\/wp-json\/wp\/v2\/types\/post"}],"author":[{"embeddable":true,"href":"https:\/\/www.o-p-i.fr\/7alire\/wp-json\/wp\/v2\/users\/3"}],"replies":[{"embeddable":true,"href":"https:\/\/www.o-p-i.fr\/7alire\/wp-json\/wp\/v2\/comments?post=17277"}],"version-history":[{"count":4,"href":"https:\/\/www.o-p-i.fr\/7alire\/wp-json\/wp\/v2\/posts\/17277\/revisions"}],"predecessor-version":[{"id":17850,"href":"https:\/\/www.o-p-i.fr\/7alire\/wp-json\/wp\/v2\/posts\/17277\/revisions\/17850"}],"wp:attachment":[{"href":"https:\/\/www.o-p-i.fr\/7alire\/wp-json\/wp\/v2\/media?parent=17277"}],"wp:term":[{"taxonomy":"category","embeddable":true,"href":"https:\/\/www.o-p-i.fr\/7alire\/wp-json\/wp\/v2\/categories?post=17277"},{"taxonomy":"post_tag","embeddable":true,"href":"https:\/\/www.o-p-i.fr\/7alire\/wp-json\/wp\/v2\/tags?post=17277"},{"taxonomy":"author","embeddable":true,"href":"https:\/\/www.o-p-i.fr\/7alire\/wp-json\/wp\/v2\/coauthors?post=17277"}],"curies":[{"name":"wp","href":"https:\/\/api.w.org\/{rel}","templated":true}]}}