{"id":1746,"date":"2009-10-17T11:13:30","date_gmt":"2009-10-17T09:13:30","guid":{"rendered":"\/7alire\/?p=1746"},"modified":"2009-10-17T15:40:53","modified_gmt":"2009-10-17T13:40:53","slug":"la-beluga-n%c2%b07-2","status":"publish","type":"post","link":"https:\/\/www.o-p-i.fr\/7alire\/occitanie\/labeluga\/la-beluga-n%c2%b07-2\/","title":{"rendered":"La Beluga N\u00b08"},"content":{"rendered":"<p><strong>Au sommaire du N\u00b0 8 de FEBRI\u00c8R de 2009 :<\/strong><\/p>\n<ul>\n<li>Avant &#8211; premi\u00e8re de votre revue bilingue fran\u00e7ais \/ occitan<\/li>\n<li>Ecole occitane d\u2019hiver \/ Esc\u00f2la occitana d\u2019iv\u00e8rn 16-20 de Febri\u00e8r<\/li>\n<li>Accueillir une Autrichienne : le t\u00e9moignage de Dagmar \u2026<\/li>\n<li>La page Fr\u00e9d\u00e9ric Cayrou \/ Lo po\u00e8ma del mes de Frederic Cairon<\/li>\n<li>GENI\u00c8R jour apr\u00e8s jour : une autre fa\u00e7on de d\u00e9couvrir l\u2019histoire de l\u2019Occitanie<\/li>\n<li>Bon Aniversari a la personalitat del mes : Jacme TAUPIAC<\/li>\n<li>Lexicografe , qu\u2019es aqu\u00f2 ?<\/li>\n<li>L\u2019 eveniment del mes de f\u00e9vrier \u2026 1945 : cr\u00e9acion de l\u2019Institut d\u2019Estudis occitans<\/li>\n<li>Proverbes de f\u00e9vrier \/ reproverbis e diches de febri\u00e8r<\/li>\n<li>Lei\u00e7on d\u2019occitan abelugat : los accents grafics ( 2\u00b0 partida )<\/li>\n<li>\u00ab L\u2019accent \u00bb , tirade de Zamaco\u00efs revisit\u00e9e et traduite en occitan<\/li>\n<li>Gourmandises occitanes : los \u00ab cruvelets \u00bb de Ter\u00e8sa de Gandoles<\/li>\n<li>Collectage de recettes &#8211; Ecole occitane d\u2019hiver 16 &#8211; 20 f\u00e9vrier<\/li>\n<li>Cuv\u00e9es occitanes du domaine de Revel \u00e0 Vaissac<\/li>\n<li>7 \u00e0 lire \/ s\u00e8t de legir \/ soif de lire<strong><a href=\"..\/wp-content\/uploads\/beluga7.pdf\" target=\"_blank\"><strong><\/strong><\/a><\/strong><\/li>\n<\/ul>\n<p><strong><a href=\"..\/wp-content\/uploads\/beluga8.pdf\" target=\"_blank\"><strong>T\u00e9l\u00e9charger La Beluga n\u00b08<\/strong><\/a><\/strong><\/p>\n","protected":false},"excerpt":{"rendered":"<div class=\"mh-excerpt\">Au sommaire du N\u00b0 8 de FEBRI\u00c8R de 2009 : Avant &#8211; premi\u00e8re de votre revue bilingue fran\u00e7ais \/ occitan Ecole occitane d\u2019hiver \/ Esc\u00f2la occitana d\u2019iv\u00e8rn 16-20 de Febri\u00e8r Accueillir une Autrichienne : le <a class=\"mh-excerpt-more\" href=\"https:\/\/www.o-p-i.fr\/7alire\/occitanie\/labeluga\/la-beluga-n%c2%b07-2\/\" title=\"La Beluga N\u00b08\">[&#8230;]<\/a><\/div>\n","protected":false},"author":1,"featured_media":0,"comment_status":"open","ping_status":"open","sticky":false,"template":"","format":"standard","meta":{"_jetpack_memberships_contains_paid_content":false,"footnotes":"","_links_to":"","_links_to_target":""},"categories":[6],"tags":[321,3632],"coauthors":[],"class_list":{"0":"post-1746","1":"post","2":"type-post","3":"status-publish","4":"format-standard","6":"category-labeluga","7":"tag-beluga","8":"tag-tarn-e-garona-occitan"},"jetpack_featured_media_url":"","jetpack_sharing_enabled":true,"_links":{"self":[{"href":"https:\/\/www.o-p-i.fr\/7alire\/wp-json\/wp\/v2\/posts\/1746","targetHints":{"allow":["GET"]}}],"collection":[{"href":"https:\/\/www.o-p-i.fr\/7alire\/wp-json\/wp\/v2\/posts"}],"about":[{"href":"https:\/\/www.o-p-i.fr\/7alire\/wp-json\/wp\/v2\/types\/post"}],"author":[{"embeddable":true,"href":"https:\/\/www.o-p-i.fr\/7alire\/wp-json\/wp\/v2\/users\/1"}],"replies":[{"embeddable":true,"href":"https:\/\/www.o-p-i.fr\/7alire\/wp-json\/wp\/v2\/comments?post=1746"}],"version-history":[{"count":4,"href":"https:\/\/www.o-p-i.fr\/7alire\/wp-json\/wp\/v2\/posts\/1746\/revisions"}],"predecessor-version":[{"id":1748,"href":"https:\/\/www.o-p-i.fr\/7alire\/wp-json\/wp\/v2\/posts\/1746\/revisions\/1748"}],"wp:attachment":[{"href":"https:\/\/www.o-p-i.fr\/7alire\/wp-json\/wp\/v2\/media?parent=1746"}],"wp:term":[{"taxonomy":"category","embeddable":true,"href":"https:\/\/www.o-p-i.fr\/7alire\/wp-json\/wp\/v2\/categories?post=1746"},{"taxonomy":"post_tag","embeddable":true,"href":"https:\/\/www.o-p-i.fr\/7alire\/wp-json\/wp\/v2\/tags?post=1746"},{"taxonomy":"author","embeddable":true,"href":"https:\/\/www.o-p-i.fr\/7alire\/wp-json\/wp\/v2\/coauthors?post=1746"}],"curies":[{"name":"wp","href":"https:\/\/api.w.org\/{rel}","templated":true}]}}