{"id":17909,"date":"2018-10-23T11:30:02","date_gmt":"2018-10-23T09:30:02","guid":{"rendered":"\/7alire\/?p=17909"},"modified":"2018-10-23T11:30:02","modified_gmt":"2018-10-23T09:30:02","slug":"le-legendaire-pyreneen-anne-lasserre-vergne","status":"publish","type":"post","link":"https:\/\/www.o-p-i.fr\/7alire\/7-a-lire-actu\/le-legendaire-pyreneen-anne-lasserre-vergne\/","title":{"rendered":"\u00a0\u00bb Le l\u00e9gendaire pyr\u00e9n\u00e9en\u00a0\u00bb  Anne Lasserre-Vergne"},"content":{"rendered":"<p><a href=\"https:\/\/www.o-p-i.fr\/7alire\/wp-content\/uploads\/Le-L\u00e9gendaire-Pyr\u00e9n\u00e9en.jpg\"><img loading=\"lazy\" decoding=\"async\" class=\"alignleft size-full wp-image-17936\" src=\"https:\/\/www.o-p-i.fr\/7alire\/wp-content\/uploads\/Le-L\u00e9gendaire-Pyr\u00e9n\u00e9en.jpg\" alt=\"\" width=\"283\" height=\"439\" srcset=\"https:\/\/www.o-p-i.fr\/7alire\/wp-content\/uploads\/Le-L\u00e9gendaire-Pyr\u00e9n\u00e9en.jpg 283w, https:\/\/www.o-p-i.fr\/7alire\/wp-content\/uploads\/Le-L\u00e9gendaire-Pyr\u00e9n\u00e9en-193x300.jpg 193w\" sizes=\"auto, (max-width: 283px) 100vw, 283px\" \/><\/a>Les l\u00e9gendes pyr\u00e9n\u00e9ennes, qui appartiennent \u00e0 l\u2019oralit\u00e9 et se trouvaient donc condamn\u00e9es \u00e0 dispara\u00eetre, sont parvenues pour la plupart jusqu\u2019\u00e0 nous gr\u00e2ce, notamment, au recueil d\u2019Eug\u00e8ne Cordier publi\u00e9 en 1855, et aux nombreux r\u00e9cits de voyages et guides publi\u00e9s tout au long du XIX<sup>e<\/sup> si\u00e8cle. Les Pyr\u00e9n\u00e9es sont \u00e0 la mode, et l\u2019Europe s\u2019y donne rendez-vous, d\u00e9couvrant dans une r\u00e9gion excentr\u00e9e des m\u0153urs singuli\u00e8res au sein d\u2019une nature sauvage.<\/p>\n<p>S\u2019appuyant sur divers ouvrages, dont certains sont \u00e9crits par des grands noms de la\u00a0\u00a0\u00a0\u00a0\u00a0\u00a0 litt\u00e9rature, l\u2019auteur nous invite \u00e0 d\u00e9couvrir en quoi consiste l\u2019originalit\u00e9 du l\u00e9gendaire pyr\u00e9n\u00e9en. Si les r\u00e9cits subissent l\u2019influence des grands textes bibliques et des mythologies grecque et romaine, ils sont profond\u00e9ment marqu\u00e9s, et trouvent l\u00e0 leur originalit\u00e9, par le cadre g\u00e9ographique, le contexte historique, le milieu socio-culturel et la christianisation tardive des Pyr\u00e9n\u00e9es. Cet ouvrage convie \u00e0 une qu\u00eate passionnante, \u00e0 une v\u00e9ritable relecture des l\u00e9gendes.<\/p>\n<p>&nbsp;<\/p>\n<p>\u00c9ditions Sud-Ouest, 19,50 euros<\/p>\n<p>ISBN\u00a0: 978-2-81770-162-2<\/p>\n<p>Cet ouvrage peut \u00eatre command\u00e9 dans toutes les librairies.<\/p>\n<p>&nbsp;<\/p>\n","protected":false},"excerpt":{"rendered":"<div class=\"mh-excerpt\">Les l\u00e9gendes pyr\u00e9n\u00e9ennes, qui appartiennent \u00e0 l\u2019oralit\u00e9 et se trouvaient donc condamn\u00e9es \u00e0 dispara\u00eetre, sont parvenues pour la plupart jusqu\u2019\u00e0 nous gr\u00e2ce, notamment, au recueil d\u2019Eug\u00e8ne Cordier publi\u00e9 en 1855, et aux nombreux r\u00e9cits de <a class=\"mh-excerpt-more\" href=\"https:\/\/www.o-p-i.fr\/7alire\/7-a-lire-actu\/le-legendaire-pyreneen-anne-lasserre-vergne\/\" title=\"\u00a0\u00bb Le l\u00e9gendaire pyr\u00e9n\u00e9en\u00a0\u00bb  Anne Lasserre-Vergne\">[&#8230;]<\/a><\/div>\n","protected":false},"author":3,"featured_media":0,"comment_status":"open","ping_status":"open","sticky":false,"template":"","format":"standard","meta":{"_jetpack_memberships_contains_paid_content":false,"footnotes":"","_links_to":"","_links_to_target":""},"categories":[4000,3,4,456],"tags":[4803,1509,885,758,4802,4801,174],"coauthors":[],"class_list":{"0":"post-17909","1":"post","2":"type-post","3":"status-publish","4":"format-standard","6":"category-lasserre-vergne-anne","7":"category-7-a-lire-actu","8":"category-auteurs-contemporains","9":"category-genre","10":"tag-biblique","11":"tag-guide","12":"tag-legende","13":"tag-mythologie","14":"tag-oralite","15":"tag-pyreneen","16":"tag-recit"},"jetpack_featured_media_url":"","jetpack_sharing_enabled":true,"_links":{"self":[{"href":"https:\/\/www.o-p-i.fr\/7alire\/wp-json\/wp\/v2\/posts\/17909","targetHints":{"allow":["GET"]}}],"collection":[{"href":"https:\/\/www.o-p-i.fr\/7alire\/wp-json\/wp\/v2\/posts"}],"about":[{"href":"https:\/\/www.o-p-i.fr\/7alire\/wp-json\/wp\/v2\/types\/post"}],"author":[{"embeddable":true,"href":"https:\/\/www.o-p-i.fr\/7alire\/wp-json\/wp\/v2\/users\/3"}],"replies":[{"embeddable":true,"href":"https:\/\/www.o-p-i.fr\/7alire\/wp-json\/wp\/v2\/comments?post=17909"}],"version-history":[{"count":3,"href":"https:\/\/www.o-p-i.fr\/7alire\/wp-json\/wp\/v2\/posts\/17909\/revisions"}],"predecessor-version":[{"id":17937,"href":"https:\/\/www.o-p-i.fr\/7alire\/wp-json\/wp\/v2\/posts\/17909\/revisions\/17937"}],"wp:attachment":[{"href":"https:\/\/www.o-p-i.fr\/7alire\/wp-json\/wp\/v2\/media?parent=17909"}],"wp:term":[{"taxonomy":"category","embeddable":true,"href":"https:\/\/www.o-p-i.fr\/7alire\/wp-json\/wp\/v2\/categories?post=17909"},{"taxonomy":"post_tag","embeddable":true,"href":"https:\/\/www.o-p-i.fr\/7alire\/wp-json\/wp\/v2\/tags?post=17909"},{"taxonomy":"author","embeddable":true,"href":"https:\/\/www.o-p-i.fr\/7alire\/wp-json\/wp\/v2\/coauthors?post=17909"}],"curies":[{"name":"wp","href":"https:\/\/api.w.org\/{rel}","templated":true}]}}