{"id":1826,"date":"2009-10-20T16:14:14","date_gmt":"2009-10-20T14:14:14","guid":{"rendered":"\/7alire\/?p=1826"},"modified":"2009-10-20T16:19:34","modified_gmt":"2009-10-20T14:19:34","slug":"%c2%ab-companhon-de-la-beluga-d%e2%80%99oc-%c2%bb-qu%e2%80%99es-aquo","status":"publish","type":"post","link":"https:\/\/www.o-p-i.fr\/7alire\/occitanie\/%c2%ab-companhon-de-la-beluga-d%e2%80%99oc-%c2%bb-qu%e2%80%99es-aquo\/","title":{"rendered":"\u00ab Companhon de la beluga d\u2019\u00f2c \u00bb Qu\u2019es aqu\u00f2 ?"},"content":{"rendered":"<p style=\"text-align: justify;\"><strong>TG\u2019OC<\/strong> desira d\u2019encorajar los que sont fiers d\u2019esser occitans e qu\u2019an compres qu\u2019aquela identitad era portaire d\u2019un messatge f\u00f2rt.<br \/>\n<span style=\"color: #ff6600;\"><em>TG\u2019OC souhaite encourager, valoriser ceux qui sont fiers d\u2019\u00eatre Occitans, de naissance ou de coeur, et qui ont compris que cette identit\u00e9 \u00e9tait porteuse d\u2019un message fort.<\/em><\/span><\/p>\n<p style=\"text-align: justify;\">TG\u2019\u00d2C decerna lo titol de <strong>COMPANHON DE LA BELUGA D\u2019OC<\/strong> a tota persona, associacion , enterpresa, collectivitat que fa rebombir son occitanitat . Aqu\u00e8l dipl\u00f2ma es la reconeissan\u00e7a del monde occitan\u00f2f\u00f2n que fa pas cap vergonha de la lenga n\u00f2stra, de la n\u00f2stra cultura mas tanben aquel dipl\u00f2me pot esser balhat a de monde \u00ab nov\u00e8l vengut \u00bb qu\u2019es fi\u00e8r e uros de partajar los principis essenciales de la civilisacion occitana dins lo n\u00f2stre \u00ab pais de cocanha \u00bb.<br \/>\n<span style=\"color: #ff6600;\"><em>TG\u2019\u00d2C d\u00e9cerne le titre de \u00ab Companhon de la Beluga d\u2019\u00d2c ( Compagnon de l\u2019Etincelle d\u2019Oc ) \u00e0 toute personne, association, entreprise, collectivit\u00e9 qui fait rejaillir son occitanit\u00e9 de fa\u00e7on insolite ou inattendue. Ce dipl\u00f4me est la reconnaissance des occitanophones fiers de leur langue et de leur culture mais il peut aussi \u00eatre d\u00e9cern\u00e9 \u00e0 des nouveaux r\u00e9sidents fiers et heureux de partager les principes essentiels de la civilisation occitanes en s\u2019int\u00e9grant dans notre \u00ab Pays de cocagne \u00bb.<\/em><\/span><\/p>\n<p style=\"text-align: justify;\">Ambe l\u2019ajuda de cadun * aqu\u00e8la ronda dels COMPANHONS DE LA BELUGA d\u2019OC va cr\u00e8isser \u2026de segur !<br \/>\n<span style=\"color: #ff6600;\"><em>Ne doutons pas qu\u2019 avec la complicit\u00e9 de chacun de vous cette ronde des Compagnons de la beluga d\u2019\u00d2c va s\u2019agrandir \u2026<\/em><\/span><\/p>\n<p style=\"text-align: justify;\">Se coneissetzs, s\u2019avetz remarcat, aqu\u00ed o enl\u00e0, qualqu\u2019un que fa quic\u00f2m ( quitament pichon ) per dire \u00ab soi occitan o d\u2019Occitania \u00bb, setz covidats de lo dire.<br \/>\n<span style=\"color: #ff6600;\"><em>S<\/em><em>i vous connaissez, si vous avez remarqu\u00e9 , ici ou l\u00e0, quelqu\u2019un dont l\u2019action, m\u00eame discr\u00e8te , symbolise son appartenance \u00e0 l\u2019Occitanie, MERCI de le signaler.<\/em><\/span><\/p>\n<p style=\"text-align: justify;\"><strong><\/p>\n<figure id=\"attachment_1829\" aria-describedby=\"caption-attachment-1829\" style=\"width: 256px\" class=\"wp-caption alignleft\"><img loading=\"lazy\" decoding=\"async\" class=\"size-full wp-image-1829\" title=\"24 d\u2019agost de 2008 La Toma del rami\u00e8r Joan Maria-Maraval 1\u00b0 Companhon\" src=\"https:\/\/www.o-p-i.fr\/7alire\/wp-content\/uploads\/companhon1.jpg\" alt=\"24 d\u2019agost de 2008 La Toma del rami\u00e8r Joan Maria-Maraval 1\u00b0 Companhon\" width=\"256\" height=\"190\" \/><figcaption id=\"caption-attachment-1829\" class=\"wp-caption-text\">24 d\u2019agost de 2008 La Toma del rami\u00e8r Joan Maria-Maraval 1\u00b0 Companhon<\/figcaption><\/figure>\n<p><\/strong><strong>Contact :<\/strong><\/p>\n<p style=\"text-align: justify;\"><strong>T\u00e9l. Fixe :<\/strong><strong> 0971586878<\/strong><\/p>\n<p style=\"text-align: justify;\"><strong>T\u00e9l. Port. :\u00a0 06 71 002925<br \/>\n<\/strong><\/p>\n<p style=\"text-align: justify;\"><strong>Courriel : tarnegaroc@wanadoo.fr <\/strong><\/p>\n","protected":false},"excerpt":{"rendered":"<div class=\"mh-excerpt\">TG\u2019OC desira d\u2019encorajar los que sont fiers d\u2019esser occitans e qu\u2019an compres qu\u2019aquela identitad era portaire d\u2019un messatge f\u00f2rt. TG\u2019OC souhaite encourager, valoriser ceux qui sont fiers d\u2019\u00eatre Occitans, de naissance ou de coeur, et <a class=\"mh-excerpt-more\" href=\"https:\/\/www.o-p-i.fr\/7alire\/occitanie\/%c2%ab-companhon-de-la-beluga-d%e2%80%99oc-%c2%bb-qu%e2%80%99es-aquo\/\" title=\"\u00ab Companhon de la beluga d\u2019\u00f2c \u00bb Qu\u2019es aqu\u00f2 ?\">[&#8230;]<\/a><\/div>\n","protected":false},"author":1,"featured_media":0,"comment_status":"closed","ping_status":"open","sticky":false,"template":"","format":"standard","meta":{"_jetpack_memberships_contains_paid_content":false,"footnotes":"","_links_to":"","_links_to_target":""},"categories":[266,10,12],"tags":[352,351,353,341],"coauthors":[],"class_list":{"0":"post-1826","1":"post","2":"type-post","3":"status-publish","4":"format-standard","6":"category-activites-occitanes","7":"category-occitanie","8":"category-tarn-e-garona-occitan","9":"tag-belugo","10":"tag-companhon","11":"tag-oc","12":"tag-tgoc"},"jetpack_featured_media_url":"","jetpack_sharing_enabled":true,"_links":{"self":[{"href":"https:\/\/www.o-p-i.fr\/7alire\/wp-json\/wp\/v2\/posts\/1826","targetHints":{"allow":["GET"]}}],"collection":[{"href":"https:\/\/www.o-p-i.fr\/7alire\/wp-json\/wp\/v2\/posts"}],"about":[{"href":"https:\/\/www.o-p-i.fr\/7alire\/wp-json\/wp\/v2\/types\/post"}],"author":[{"embeddable":true,"href":"https:\/\/www.o-p-i.fr\/7alire\/wp-json\/wp\/v2\/users\/1"}],"replies":[{"embeddable":true,"href":"https:\/\/www.o-p-i.fr\/7alire\/wp-json\/wp\/v2\/comments?post=1826"}],"version-history":[{"count":4,"href":"https:\/\/www.o-p-i.fr\/7alire\/wp-json\/wp\/v2\/posts\/1826\/revisions"}],"predecessor-version":[{"id":1830,"href":"https:\/\/www.o-p-i.fr\/7alire\/wp-json\/wp\/v2\/posts\/1826\/revisions\/1830"}],"wp:attachment":[{"href":"https:\/\/www.o-p-i.fr\/7alire\/wp-json\/wp\/v2\/media?parent=1826"}],"wp:term":[{"taxonomy":"category","embeddable":true,"href":"https:\/\/www.o-p-i.fr\/7alire\/wp-json\/wp\/v2\/categories?post=1826"},{"taxonomy":"post_tag","embeddable":true,"href":"https:\/\/www.o-p-i.fr\/7alire\/wp-json\/wp\/v2\/tags?post=1826"},{"taxonomy":"author","embeddable":true,"href":"https:\/\/www.o-p-i.fr\/7alire\/wp-json\/wp\/v2\/coauthors?post=1826"}],"curies":[{"name":"wp","href":"https:\/\/api.w.org\/{rel}","templated":true}]}}