{"id":20387,"date":"2019-06-01T20:15:25","date_gmt":"2019-06-01T18:15:25","guid":{"rendered":"\/7alire\/?p=20387"},"modified":"2019-08-29T23:22:04","modified_gmt":"2019-08-29T21:22:04","slug":"16-eme-salon-du-livre-et-de-la-bd-de-monclar-de-quercy","status":"publish","type":"post","link":"https:\/\/www.o-p-i.fr\/7alire\/7-a-lire-actu\/16-eme-salon-du-livre-et-de-la-bd-de-monclar-de-quercy\/","title":{"rendered":"25 ao\u00fbt 2019: 16\u00e8me Salon du livre et de la BD de Monclar de Quercy"},"content":{"rendered":"<p>Auteurs, inscrivez-vous: <a href=\"journalrobert@wanadoo.fr\">LINAS Robert<\/a><\/p>\n<p><a href=\"https:\/\/www.o-p-i.fr\/7alire\/wp-content\/uploads\/salon-monclar2019-..jpg\"><img loading=\"lazy\" decoding=\"async\" class=\"alignright wp-image-20388\" src=\"https:\/\/www.o-p-i.fr\/7alire\/wp-content\/uploads\/salon-monclar2019-.-212x300.jpg\" alt=\"\" width=\"300\" height=\"424\" srcset=\"https:\/\/www.o-p-i.fr\/7alire\/wp-content\/uploads\/salon-monclar2019-.-212x300.jpg 212w, https:\/\/www.o-p-i.fr\/7alire\/wp-content\/uploads\/salon-monclar2019-.-724x1024.jpg 724w, https:\/\/www.o-p-i.fr\/7alire\/wp-content\/uploads\/salon-monclar2019-..jpg 748w\" sizes=\"auto, (max-width: 300px) 100vw, 300px\" \/><\/a>Ils seront pr\u00e9sents au 16\u00e8me salon du livre de Monclar de Quercy<\/p>\n<p><a href=\"https:\/\/www.o-p-i.fr\/7alire\/7-a-lire-actu\/chantal-antunes-biographie\/\" target=\"_blank\" rel=\"noopener noreferrer\">ANTUNES Chantal (romans, jeunesse)<\/a><br \/>\n<a href=\"https:\/\/www.o-p-i.fr\/7alire\/genre\/roman\/thierry-battistella-biographie\/\" target=\"_blank\" rel=\"noopener noreferrer\">BATTISTELLA Thierry (romans fantastiques)<\/a><br \/>\n<a href=\"https:\/\/www.o-p-i.fr\/7alire\/auteurs-contemporains\/biographie\/biographie-marie-pierre-bergerat\/\" target=\"_blank\" rel=\"noopener noreferrer\">BERGERAT Marie-Pierre<\/a><br \/>\n<a href=\"https:\/\/www.o-p-i.fr\/7alire\/auteurs-contemporains\/colette-berthes\/\">BERTHES Colette (Romans)<\/a><br \/>\n<a href=\"https:\/\/www.o-p-i.fr\/7alire\/auteurs-contemporains\/jacqueline-boye\/\">BOYE Jacqueline ( Romans, biographie )<\/a><br \/>\n<a href=\"https:\/\/www.o-p-i.fr\/7alire\/auteurs-contemporains\/patrick-caujolle\/\" target=\"_blank\" rel=\"noopener noreferrer\">CAUJOLLE Patrick (romans policiers)<\/a><br \/>\n<a href=\"https:\/\/www.o-p-i.fr\/7alire\/7-a-lire-actu\/biographie-patrick-chereau\/\" target=\"_blank\" rel=\"noopener noreferrer\">CHEREAU Patrick (roman policier)<\/a><br \/>\n<a href=\"https:\/\/www.o-p-i.fr\/7alire\/auteurs-contemporains\/biographie\/martine-claustres-biographie-2\/\" target=\"_blank\" rel=\"noopener noreferrer\">CLAUSTRES Martine (romans, jeunesse)<\/a><br \/>\n<a href=\"https:\/\/www.o-p-i.fr\/7alire\/7-a-lire-actu\/jean-coladon-biographie\/\" target=\"_blank\" rel=\"noopener noreferrer\">COLADON Jean (livre d\u2019art)<\/a><br \/>\n<a href=\"https:\/\/www.o-p-i.fr\/7alire\/7-a-lire-actu\/albert-costamagna-biographie\/\" target=\"_blank\" rel=\"noopener noreferrer\">COSTAMAGNA Albert (po\u00e9sie, r\u00e9cit)<\/a><br \/>\n<a href=\"https:\/\/www.o-p-i.fr\/7alire\/couderc-marie-claude\/biographie-marie-claude-couderc\/\" target=\"_blank\" rel=\"noopener noreferrer\">COUDERC Marie-Claude (romans)<\/a><br \/>\n<a href=\"https:\/\/www.o-p-i.fr\/7alire\/auteurs-contemporains\/biographie-de-bruno-de-londe\/\" target=\"_blank\" rel=\"noopener noreferrer\">De L\u2019ONDE Bruno (romans)<\/a><br \/>\n<a href=\"https:\/\/www.o-p-i.fr\/7alire\/auteurs-contemporains\/biographie-de-eliane-duffaut\/\" target=\"_blank\" rel=\"noopener noreferrer\">DUFFAUT Eliane (romans)<\/a><br \/>\n<a href=\"https:\/\/www.o-p-i.fr\/7alire\/auteurs-contemporains\/biographie\/biographie-marie-dumas\/\" target=\"_blank\" rel=\"noopener noreferrer\">DUMAS Marie (romans)<\/a><br \/>\n<a href=\"https:\/\/www.o-p-i.fr\/7alire\/auteurs-contemporains\/jakie-durrieu-mallet\/\" target=\"_blank\" rel=\"noopener noreferrer\">DURRIEU MALET Jakie (Romans, po\u00e9sie, contes)<\/a><br \/>\n<a href=\"https:\/\/www.o-p-i.fr\/7alire\/7-a-lire-actu\/biographie-bibliographie-de-marine-gautier\/\" target=\"_blank\" rel=\"noopener noreferrer\">GAUTIER Marine (Romans de l\u2019imaginaire)<\/a><br \/>\n<a href=\"https:\/\/www.o-p-i.fr\/7alire\/gerdolle-thierry\/thierry-gerdolle\/\" target=\"_blank\" rel=\"noopener noreferrer\">GERDOLLE Thierry<\/a><br \/>\n<a href=\"https:\/\/www.o-p-i.fr\/7alire\/genre\/sciences-humaines\/biographie-de-mathieu-granel\/\">GRANEL Mathieu (essais philosophiques)<\/a><br \/>\n<a href=\"https:\/\/www.o-p-i.fr\/7alire\/genre\/nouvelle\/biographie-de-pierrick-houbart\/\" target=\"_blank\" rel=\"noopener noreferrer\">HOUBART Pierrick (science fiction)<\/a><br \/>\n<a href=\"https:\/\/www.o-p-i.fr\/7alire\/7-a-lire-actu\/michel-jacquet-biographie\/\" target=\"_blank\" rel=\"noopener noreferrer\">JACQUET Michel(occitan)<\/a><br \/>\n<a href=\"https:\/\/www.o-p-i.fr\/7alire\/7-a-lire-actu\/loic-jan-biographie\/\" target=\"_blank\" rel=\"noopener noreferrer\">JAN Loic\u00a0 (po\u00e9sies, r\u00e9cits)<\/a><br \/>\n<a href=\"https:\/\/www.o-p-i.fr\/7alire\/genre\/fiction\/biographie-jeff-de-levens\/\" target=\"_blank\" rel=\"noopener noreferrer\">Jeff de LEVENS (roman)<\/a><br \/>\n<a href=\"https:\/\/www.o-p-i.fr\/7alire\/auteurs-contemporains\/carole-laborde-sylvain-biographie\/\">LABORDE SYLVAIN Carole (romans, jeunesse)<\/a><br \/>\n<a href=\"https:\/\/www.o-p-i.fr\/7alire\/7-a-lire-actu\/biographie-fabienne-lhoumeau\/\" target=\"_blank\" rel=\"noopener noreferrer\">LHOUMEAU\u00a0 Fabienne<\/a><br \/>\n<a href=\"https:\/\/www.o-p-i.fr\/7alire\/genre\/fantastique\/biographie-de-liber-lucius\/\">Liber Lucius<\/a><br \/>\n<a href=\"https:\/\/www.o-p-i.fr\/7alire\/auteurs-contemporains\/michel-lucien\/\" target=\"_blank\" rel=\"noopener noreferrer\">LUCIEN Michel<\/a><br \/>\n<a href=\"https:\/\/www.o-p-i.fr\/7alire\/auteurs-contemporains\/biographie\/andre-malet\/\">MALET\u00a0 Andr\u00e9 (roman)<\/a><br \/>\n<a href=\"https:\/\/www.o-p-i.fr\/7alire\/7-a-lire-actu\/marilene-meckler-biographie\/\" target=\"_blank\" rel=\"noopener noreferrer\">MECKLER Maril\u00e8ne (po\u00e9sie)<\/a><br \/>\n<a href=\"https:\/\/www.o-p-i.fr\/7alire\/auteurs-contemporains\/frederic-medrano\/\" target=\"_blank\" rel=\"noopener noreferrer\">MEDRANO Fred (BD)<\/a><br \/>\n<a href=\"https:\/\/www.o-p-i.fr\/7alire\/7-a-lire-actu\/jean-pierre-meyer-biographie\/\" target=\"_blank\" rel=\"noopener noreferrer\">MEYER Jean-Pierre<\/a><br \/>\n<a href=\"https:\/\/www.o-p-i.fr\/7alire\/7-a-lire-actu\/alexandre-minda-biographie\/\" target=\"_blank\" rel=\"noopener noreferrer\">MINDA Alexandre<\/a><br \/>\n<a href=\"https:\/\/www.o-p-i.fr\/7alire\/7-a-lire-actu\/guy-mothe-biographie\/\" target=\"_blank\" rel=\"noopener noreferrer\">MOTHE Guy\u00a0 (humour, jeunesse)<\/a><br \/>\n<a href=\"https:\/\/www.o-p-i.fr\/7alire\/auteurs-contemporains\/biographie-okaria-nattero-bellounat\/\" target=\"_blank\" rel=\"noopener noreferrer\">NATTERO BELLOUNAT Okaria\u00a0 (romans)<\/a><br \/>\n<a href=\"https:\/\/www.o-p-i.fr\/7alire\/auteurs-contemporains\/bio-bibliogaphie-de-danae-penn\/\" target=\"_blank\" rel=\"noopener noreferrer\">PENN Dana\u00e9 (romans historiques)<\/a><br \/>\nPESCADOU Julie<br \/>\n<a href=\"https:\/\/www.o-p-i.fr\/7alire\/genre\/roman\/biographie-hania-raczak\/\" target=\"_blank\" rel=\"noopener noreferrer\">RACZAK\u00a0 Hania (romans, po\u00e9sie, nouvelles,jeunesse)<\/a><br \/>\n<a href=\"https:\/\/www.o-p-i.fr\/7alire\/7-a-lire-actu\/jean-renette-artiste-photographe-biographie\/\" target=\"_blank\" rel=\"noopener noreferrer\">RENETTE Jan\u00a0<\/a><br \/>\n<a href=\"https:\/\/www.o-p-i.fr\/7alire\/7-a-lire-actu\/valerie-rinaldo-biographie\/\" target=\"_blank\" rel=\"noopener noreferrer\">RINALDO Val\u00e9rie (po\u00e9sie, jeunesse)\u00a0<\/a><br \/>\n<a href=\"https:\/\/www.o-p-i.fr\/7alire\/7-a-lire-actu\/michele-rosenzweig-biographie\/\" target=\"_blank\" rel=\"noopener noreferrer\">ROZENWEIG Mich\u00e8le\u00a0 (romans, po\u00e9sie)<\/a><br \/>\n<a href=\"https:\/\/www.o-p-i.fr\/7alire\/7-a-lire-actu\/biographie-michele-sarlat\/\" target=\"_blank\" rel=\"noopener noreferrer\">SARLAT\u00a0 Mich\u00e8le<\/a><br \/>\n<a href=\"https:\/\/www.o-p-i.fr\/7alire\/genre\/sciences-humaines\/biographie-harmonia-senagh\/\" target=\"_blank\" rel=\"noopener noreferrer\">SENAGH\u00a0 Harmonia<\/a><br \/>\n<a href=\"https:\/\/www.o-p-i.fr\/7alire\/7-a-lire-actu\/gerard-senes-biographie\/\" target=\"_blank\" rel=\"noopener noreferrer\">SENES G\u00e9rard<\/a><br \/>\n<a href=\"https:\/\/www.o-p-i.fr\/7alire\/auteurs-contemporains\/florentina-senes-grigorie-biographie\/\" target=\"_blank\" rel=\"noopener noreferrer\">SENES Grigorie Florentina (nouvelles)<\/a><br \/>\n<a href=\"https:\/\/www.o-p-i.fr\/7alire\/non-classe\/biographie-de-tristan\/\" target=\"_blank\" rel=\"noopener noreferrer\">TRISTAN (BD)<\/a><br \/>\n<a href=\"https:\/\/www.o-p-i.fr\/7alire\/7-a-lire-actu\/biographie-de-dany-vacandare\/\" target=\"_blank\" rel=\"noopener noreferrer\">VACANDARE Dany (Romans)<\/a><\/p>\n<h3 style=\"text-align: center;\">Animations gratuites, dans le cadre du salon du livre et bourse toutes collections<\/h3>\n<ul>\n<li>Atelier BD pour enfants de plus de 8 ans et adultes anim\u00e9 par <strong><a href=\"https:\/\/www.o-p-i.fr\/7alire\/auteurs-contemporains\/frederic-medrano\/\" target=\"_blank\" rel=\"noopener noreferrer\">Fred Medrano<\/a><\/strong> de 9h30 \u00e0 midi et de 14h \u00e0 17h (dur\u00e9e de participation variable selon le souhait de chacun)<\/li>\n<li>\u00a0Ecriture au porte-plume<\/li>\n<li>15h. CONF\u00c9RENCE ( salle annexe, entr\u00e9e libre ) : <strong>\u00ab\u00a0La vie extraordinaire d\u2019Ars\u00e8ne Lupin\u00a0\u00bb<\/strong> par <strong><a href=\"https:\/\/www.o-p-i.fr\/7alire\/auteurs-contemporains\/biographie-okaria-nattero-bellounat\/\" target=\"_blank\" rel=\"noopener noreferrer\">Okaria NATTERO BELLOUNAT.<\/a><\/strong><\/li>\n<\/ul>\n<h3><a href=\"https:\/\/www.o-p-i.fr\/7alire\/wp-content\/uploads\/J-P-ALBERT.jpg\"><img loading=\"lazy\" decoding=\"async\" class=\"wp-image-17767 size-medium\" src=\"https:\/\/www.o-p-i.fr\/7alire\/wp-content\/uploads\/J-P-ALBERT-262x300.jpg\" alt=\"\" width=\"262\" height=\"300\" srcset=\"https:\/\/www.o-p-i.fr\/7alire\/wp-content\/uploads\/J-P-ALBERT-262x300.jpg 262w, https:\/\/www.o-p-i.fr\/7alire\/wp-content\/uploads\/J-P-ALBERT.jpg 425w\" sizes=\"auto, (max-width: 262px) 100vw, 262px\" \/>\u00a0 \u00a0 \u00a0<strong> \u00a0Le mot<\/strong><\/a><strong> du maire:<\/strong><\/h3>\n<p><strong>UN SALON RURAL INTERACTIF<\/strong><\/p>\n<p>J\u2019aimais bien le slogan que \u00ab\u00a0le journal r\u00e9gional\u00a0\u00bb affichait jadis \u00e0 la une pour pr\u00e9ciser sa ligne \u00e9ditoriale essentielle (et un peu aussi, je suppose, pour attirer le chaland) :<\/p>\n<p>\u00ab le journal qui vous parle des autres,<br \/>\nle journal qui parle aux autres de vous \u00bb.<\/p>\n<p>Cette interactivit\u00e9 imagin\u00e9e avant l\u2019heure, notre petit salon du livre de Monclar la met, lui-aussi, en pratique, de fa\u00e7on empirique, et depuis bien des ann\u00e9es, \u00e0 la mani\u00e8re du Bourgeois Gentilhomme quand il \u00ab\u00a0faisait de la prose sans le savoir\u00a0\u00bb.<\/p>\n<p>Interactif, notre \u00ab\u00a0petit\u00a0\u00bb salon du livre l\u2019est par son contenu : la majorit\u00e9 des ouvrages pr\u00e9sent\u00e9s ont une connotation r\u00e9gionale forte &#8230; ce qui favorise l\u2019osmose entre auteurs et lecteurs.<br \/>\nInteractif, de fa\u00e7on naturelle, encore, de par l\u2019origine des participants, issus le plus souvent du terroir, \u00ab\u00a0le n\u00f4tre\u00a0\u00bb\u00a0!<br \/>\nInteractif, enfin, notre salon, dans sa conception puisqu\u2019on ne sait pas trop quel est le c\u00f4t\u00e9 de la table o\u00f9 l\u2019on vend les ouvrages et le c\u00f4t\u00e9 o\u00f9 l\u2019on les ach\u00e8te l<\/p>\n<p>Cette interactivit\u00e9 est celle de la France profonde, une interactivit\u00e9 spontan\u00e9e entre gens qui se comprennent au premier \u00e9change.<\/p>\n<p>Car, m\u00eame s\u2019il arrive que nos participants se laissent \u00e9garer dans les r\u00e9seaux sociaux, lorsqu\u2019ils viennent ou reviennent au salon du livre de Monclar, ils ont bien la sensation de \u00abrentrer \u00e0 la maison\u00a0\u00bb\u00a0; et de pouvoir pratiquer l\u2019interactivit\u00e9 la plus simple, \u00e0 l\u2019exemple des Vicomtes de Brassens ou de Maurice Chevalier\u00a0:<\/p>\n<p><em>\u00ab Quand un Vicomte rencontre un autre Viconte<\/em><br \/>\n<em>qu\u2019est-ce qu\u2019ils se racontent\u00a0?<\/em><br \/>\n<em>des histoires de Vicomtes\u2026\u00a0\u00bb<\/em><\/p>\n<p>Mais c\u2019est un salon de \u00ab\u00a0vicomtes bonhommes\u00a0\u00bb et qui ne se prennent pas au s\u00e9rieux.<\/p>\n<p>Jean-Paul ALBERT<\/p>\n","protected":false},"excerpt":{"rendered":"<div class=\"mh-excerpt\">Auteurs, inscrivez-vous: LINAS Robert Ils seront pr\u00e9sents au 16\u00e8me salon du livre de Monclar de Quercy ANTUNES Chantal (romans, jeunesse) BATTISTELLA Thierry (romans fantastiques) BERGERAT Marie-Pierre BERTHES Colette (Romans) BOYE Jacqueline ( Romans, biographie ) <a class=\"mh-excerpt-more\" href=\"https:\/\/www.o-p-i.fr\/7alire\/7-a-lire-actu\/16-eme-salon-du-livre-et-de-la-bd-de-monclar-de-quercy\/\" title=\"25 ao\u00fbt 2019: 16\u00e8me Salon du livre et de la BD de Monclar de Quercy\">[&#8230;]<\/a><\/div>\n","protected":false},"author":4,"featured_media":0,"comment_status":"open","ping_status":"open","sticky":false,"template":"","format":"standard","meta":{"_jetpack_memberships_contains_paid_content":false,"footnotes":"","_links_to":"","_links_to_target":""},"categories":[3,27,4719,14,264],"tags":[4392,265,9,4373],"coauthors":[],"class_list":{"0":"post-20387","1":"post","2":"type-post","3":"status-publish","4":"format-standard","6":"category-7-a-lire-actu","7":"category-rdv_collectionneurs","8":"category-salon","9":"category-salon-du-livre-7-a-lire-actu","10":"category-salon-du-livre-7-a-lire","11":"tag-bourse-toutes-collections","12":"tag-monclar-de-quercy","13":"tag-salon-du-livre","14":"tag-salon-du-livre-et-de-la-bd"},"jetpack_featured_media_url":"","jetpack_sharing_enabled":true,"_links":{"self":[{"href":"https:\/\/www.o-p-i.fr\/7alire\/wp-json\/wp\/v2\/posts\/20387","targetHints":{"allow":["GET"]}}],"collection":[{"href":"https:\/\/www.o-p-i.fr\/7alire\/wp-json\/wp\/v2\/posts"}],"about":[{"href":"https:\/\/www.o-p-i.fr\/7alire\/wp-json\/wp\/v2\/types\/post"}],"author":[{"embeddable":true,"href":"https:\/\/www.o-p-i.fr\/7alire\/wp-json\/wp\/v2\/users\/4"}],"replies":[{"embeddable":true,"href":"https:\/\/www.o-p-i.fr\/7alire\/wp-json\/wp\/v2\/comments?post=20387"}],"version-history":[{"count":40,"href":"https:\/\/www.o-p-i.fr\/7alire\/wp-json\/wp\/v2\/posts\/20387\/revisions"}],"predecessor-version":[{"id":20779,"href":"https:\/\/www.o-p-i.fr\/7alire\/wp-json\/wp\/v2\/posts\/20387\/revisions\/20779"}],"wp:attachment":[{"href":"https:\/\/www.o-p-i.fr\/7alire\/wp-json\/wp\/v2\/media?parent=20387"}],"wp:term":[{"taxonomy":"category","embeddable":true,"href":"https:\/\/www.o-p-i.fr\/7alire\/wp-json\/wp\/v2\/categories?post=20387"},{"taxonomy":"post_tag","embeddable":true,"href":"https:\/\/www.o-p-i.fr\/7alire\/wp-json\/wp\/v2\/tags?post=20387"},{"taxonomy":"author","embeddable":true,"href":"https:\/\/www.o-p-i.fr\/7alire\/wp-json\/wp\/v2\/coauthors?post=20387"}],"curies":[{"name":"wp","href":"https:\/\/api.w.org\/{rel}","templated":true}]}}