{"id":20620,"date":"2019-05-09T09:56:49","date_gmt":"2019-05-09T07:56:49","guid":{"rendered":"\/7alire\/?p=20620"},"modified":"2021-07-29T14:41:05","modified_gmt":"2021-07-29T12:41:05","slug":"biographie-de-bruno-de-londe","status":"publish","type":"post","link":"https:\/\/www.o-p-i.fr\/7alire\/auteurs-contemporains\/biographie-de-bruno-de-londe\/","title":{"rendered":"Biographie de Bruno DE l&rsquo;ONDE"},"content":{"rendered":"<figure id=\"attachment_20621\" aria-describedby=\"caption-attachment-20621\" style=\"width: 300px\" class=\"wp-caption alignleft\"><a href=\"https:\/\/www.o-p-i.fr\/7alire\/wp-content\/uploads\/Bruno.jpg\"><img loading=\"lazy\" decoding=\"async\" class=\"wp-image-20621\" src=\"https:\/\/www.o-p-i.fr\/7alire\/wp-content\/uploads\/Bruno.jpg\" alt=\"\" width=\"300\" height=\"400\" srcset=\"https:\/\/www.o-p-i.fr\/7alire\/wp-content\/uploads\/Bruno.jpg 340w, https:\/\/www.o-p-i.fr\/7alire\/wp-content\/uploads\/Bruno-225x300.jpg 225w\" sizes=\"auto, (max-width: 300px) 100vw, 300px\" \/><\/a><figcaption id=\"caption-attachment-20621\" class=\"wp-caption-text\">Bruno de l&rsquo;ONDE<\/figcaption><\/figure>\n<p>Bruno de l\u2019Onde a suivi des \u00e9tudes de philosophie, dirig\u00e9 des associations sp\u00e9cialis\u00e9es dans l\u2019ing\u00e9nierie culturelle, publi\u00e9 dans un cadre professionnel de nombreux articles et ouvrages sur l\u2019\u00e9conomie solidaire et l\u2019action culturelle, dont <em>\u00ab\u00a0Action culturelle dans les quartiers, enjeux et m\u00e9thodes\u00a0\u00bb<\/em> aux \u00e9ditions Culture et proximit\u00e9, et <em>\u00ab\u00a0Pour une autre \u00e9conomie de l&rsquo;art et de la culture\u00a0\u00bb<\/em> aux \u00e9ditions \u00c9r\u00e8s. Il a ensuite travaill\u00e9 les r\u00e9cits de la tradition orale avec des conteurs r\u00e9put\u00e9s, explor\u00e9 les rites de passage contemporains avec divers chercheurs, pour se consacrer depuis 2007 \u00e0 l\u2019\u00e9criture de fictions. Des nouvelles fantastiques avec \u00ab\u00a0Sept objets magiques\u00a0\u00bb, une chronique humoristique avec \u00ab\u00a0Les spitz\u00a0\u00bb, un roman onirique avec \u00ab\u00a0L&rsquo;\u00eele du Saros\u00a0\u00bb, et un conte historique avec \u00ab\u00a0Purificat\u00a0\u00bb, premier volet de la s\u00e9rie des \u00ab\u00a0Romans des sept fontaines\u00a0\u00bb. Un nouveau roman sera pr\u00e9sent\u00e9 en 2019. Avec ses \u00e9crits, Bruno de l&rsquo;Onde nous entra\u00eene \u00e0 voyager, entre po\u00e9sie, humour et aventures, aux fronti\u00e8res de l\u2019imaginaire et de notre quotidien.<\/p>\n<p>Contact : Bruno de l&rsquo;Onde &#8211; 14, rue du Vieux Pont 82240 Septfonds &#8211;<br \/>\ncourriel: <a href=\"mailto:bruno@delonde.art\">bruno@delonde.art<\/a> t\u00e9l: 06 88 38 87 34 &#8211; <a href=\"https:\/\/delonde.art\" target=\"_blank\" rel=\"noopener noreferrer\">https:\/\/delonde.art<\/a><\/p>\n","protected":false},"excerpt":{"rendered":"<div class=\"mh-excerpt\">Bruno de l\u2019Onde a suivi des \u00e9tudes de philosophie, dirig\u00e9 des associations sp\u00e9cialis\u00e9es dans l\u2019ing\u00e9nierie culturelle, publi\u00e9 dans un cadre professionnel de nombreux articles et ouvrages sur l\u2019\u00e9conomie solidaire et l\u2019action culturelle, dont \u00ab\u00a0Action culturelle <a class=\"mh-excerpt-more\" href=\"https:\/\/www.o-p-i.fr\/7alire\/auteurs-contemporains\/biographie-de-bruno-de-londe\/\" title=\"Biographie de Bruno DE l&rsquo;ONDE\">[&#8230;]<\/a><\/div>\n","protected":false},"author":4,"featured_media":0,"comment_status":"open","ping_status":"open","sticky":false,"template":"","format":"standard","meta":{"_jetpack_memberships_contains_paid_content":false,"footnotes":"","_links_to":"","_links_to_target":""},"categories":[4965,4,112,49,79,406],"tags":[4966,3644,4495,1057],"coauthors":[],"class_list":{"0":"post-20620","1":"post","2":"type-post","3":"status-publish","4":"format-standard","6":"category-de-londe-bruno","7":"category-auteurs-contemporains","8":"category-fiction","9":"category-poesie","10":"category-roman","11":"category-sciences-humaines","12":"tag-economie-solidaire","13":"tag-fantastique","14":"tag-nouvelles-fantastiques","15":"tag-philosophie"},"jetpack_featured_media_url":"","jetpack_sharing_enabled":true,"_links":{"self":[{"href":"https:\/\/www.o-p-i.fr\/7alire\/wp-json\/wp\/v2\/posts\/20620","targetHints":{"allow":["GET"]}}],"collection":[{"href":"https:\/\/www.o-p-i.fr\/7alire\/wp-json\/wp\/v2\/posts"}],"about":[{"href":"https:\/\/www.o-p-i.fr\/7alire\/wp-json\/wp\/v2\/types\/post"}],"author":[{"embeddable":true,"href":"https:\/\/www.o-p-i.fr\/7alire\/wp-json\/wp\/v2\/users\/4"}],"replies":[{"embeddable":true,"href":"https:\/\/www.o-p-i.fr\/7alire\/wp-json\/wp\/v2\/comments?post=20620"}],"version-history":[{"count":3,"href":"https:\/\/www.o-p-i.fr\/7alire\/wp-json\/wp\/v2\/posts\/20620\/revisions"}],"predecessor-version":[{"id":22171,"href":"https:\/\/www.o-p-i.fr\/7alire\/wp-json\/wp\/v2\/posts\/20620\/revisions\/22171"}],"wp:attachment":[{"href":"https:\/\/www.o-p-i.fr\/7alire\/wp-json\/wp\/v2\/media?parent=20620"}],"wp:term":[{"taxonomy":"category","embeddable":true,"href":"https:\/\/www.o-p-i.fr\/7alire\/wp-json\/wp\/v2\/categories?post=20620"},{"taxonomy":"post_tag","embeddable":true,"href":"https:\/\/www.o-p-i.fr\/7alire\/wp-json\/wp\/v2\/tags?post=20620"},{"taxonomy":"author","embeddable":true,"href":"https:\/\/www.o-p-i.fr\/7alire\/wp-json\/wp\/v2\/coauthors?post=20620"}],"curies":[{"name":"wp","href":"https:\/\/api.w.org\/{rel}","templated":true}]}}