{"id":20862,"date":"2020-08-14T15:03:01","date_gmt":"2020-08-14T13:03:01","guid":{"rendered":"https:\/\/www.o-p-i.fr\/7alire\/?p=20862"},"modified":"2022-02-06T15:40:18","modified_gmt":"2022-02-06T13:40:18","slug":"christiane-cavalie-biographie","status":"publish","type":"post","link":"https:\/\/www.o-p-i.fr\/7alire\/genre\/roman\/christiane-cavalie-biographie\/","title":{"rendered":"Christiane CAVALIE,  biographie bibliographie"},"content":{"rendered":"<figure id=\"attachment_20863\" aria-describedby=\"caption-attachment-20863\" style=\"width: 425px\" class=\"wp-caption alignleft\"><a href=\"https:\/\/www.o-p-i.fr\/7alire\/wp-content\/uploads\/Christiane-CAVALIE.jpg\"><img loading=\"lazy\" decoding=\"async\" class=\"wp-image-20863\" src=\"https:\/\/www.o-p-i.fr\/7alire\/wp-content\/uploads\/Christiane-CAVALIE-208x300.jpg\" alt=\"\" width=\"425\" height=\"613\" srcset=\"https:\/\/www.o-p-i.fr\/7alire\/wp-content\/uploads\/Christiane-CAVALIE-208x300.jpg 208w, https:\/\/www.o-p-i.fr\/7alire\/wp-content\/uploads\/Christiane-CAVALIE.jpg 300w\" sizes=\"auto, (max-width: 425px) 100vw, 425px\" \/><\/a><figcaption id=\"caption-attachment-20863\" class=\"wp-caption-text\">Christiane CAVALIE<\/figcaption><\/figure>\n<p align=\"JUSTIFY\"><span style=\"color: #000000;\"><span style=\"font-family: Times New Roman, serif;\"><span style=\"font-size: large;\"><i><b>Pour leur premier enfant, les nouveaux mari\u00e9s esp\u00e8rent un gar\u00e7on\u00a0: c\u2019est moi, Christiane, qui viens contrarier leurs espoirs. <\/b><\/i><\/span><\/span><\/span><\/p>\n<p align=\"JUSTIFY\"><span style=\"color: #000000;\"><span style=\"font-family: Times New Roman, serif;\"><span style=\"font-size: large;\"><i><b>Deux ans plus tard, na\u00eet Rolande, ma petite s\u0153ur ador\u00e9e. J\u2019ai cinq ans lorsque, en pleine guerre, faute de vaccin disponible, Rolande est emport\u00e9e par la dipht\u00e9rie.<\/b><\/i><\/span><\/span><\/span><\/p>\n<p align=\"JUSTIFY\"><span style=\"color: #000000;\"><span style=\"font-family: Times New Roman, serif;\"><span style=\"font-size: large;\"><i><b>Cela restera le plus gros drame de ma vie.<\/b><\/i><\/span><\/span><\/span><\/p>\n<p align=\"JUSTIFY\"><span style=\"color: #000000;\"><span style=\"font-family: Times New Roman, serif;\"><span style=\"font-size: large;\"><i><b>Vivant une enfance ballott\u00e9e au gr\u00e9 des affectations de mon p\u00e8re, pilote dans l\u2019a\u00e9ronavale, je fr\u00e9quente les \u00e9coles et coll\u00e8ges d\u2019Alg\u00e9rie, d\u2019Occitanie, de Bretagne, de Madagascar.<\/b><\/i><\/span><\/span><\/span><\/p>\n<p align=\"JUSTIFY\"><span style=\"color: #000000;\"><span style=\"font-family: Times New Roman, serif;\"><span style=\"font-size: large;\"><i><b>Devenue institutrice, je d\u00e9bute en coop\u00e9ration en Alg\u00e9rie et obtiens ensuite un d\u00e9tachement en Nouvelle-Cal\u00e9donie, \u00e0 Djibouti puis en Polyn\u00e9sie, s\u00e9jours entrecoup\u00e9s d\u2019affectations en Val de Marne, Lot-et-Garonne, Meurthe et Moselle\u00a0\u2026avant de prendre ma retraite \u00e0 Montauban.<\/b><\/i><\/span><\/span><\/span><\/p>\n<p>&nbsp;<\/p>\n<p>Courriel: <a href=\"mailto:christiane.cavalie@yahoo.com\" target=\"_blank\" rel=\"noopener noreferrer\">christiane.cavalie@yahoo.com<\/a><\/p>\n<h4>Bibliographie<\/h4>\n<ul>\n<li><a href=\"https:\/\/www.o-p-i.fr\/7alire\/genre\/roman\/et-si-on-partait-sous-le-soleil-des-tropiques-de-christiane-cavalie\/\" target=\"_blank\" rel=\"noopener noreferrer\"><em>\u00ab\u00a0Et si on partait&#8230; ? Sous le soleil des tropiques\u00a0\u00bb <\/em><\/a><\/li>\n<li><a href=\"https:\/\/www.o-p-i.fr\/7alire\/genre\/roman\/une-meche-de-cheveux-de-christiane-cavalie\/\" target=\"_blank\" rel=\"noopener noreferrer\"><em>\u00ab\u00a0Une m\u00e8che de cheveux\u00a0\u00bb<\/em><\/a><\/li>\n<\/ul>\n","protected":false},"excerpt":{"rendered":"<div class=\"mh-excerpt\">Pour leur premier enfant, les nouveaux mari\u00e9s esp\u00e8rent un gar\u00e7on\u00a0: c\u2019est moi, Christiane, qui viens contrarier leurs espoirs. Deux ans plus tard, na\u00eet Rolande, ma petite s\u0153ur ador\u00e9e. J\u2019ai cinq ans lorsque, en pleine guerre, <a class=\"mh-excerpt-more\" href=\"https:\/\/www.o-p-i.fr\/7alire\/genre\/roman\/christiane-cavalie-biographie\/\" title=\"Christiane CAVALIE,  biographie bibliographie\">[&#8230;]<\/a><\/div>\n","protected":false},"author":4,"featured_media":0,"comment_status":"open","ping_status":"open","sticky":false,"template":"","format":"standard","meta":{"_jetpack_memberships_contains_paid_content":false,"footnotes":"","_links_to":"","_links_to_target":""},"categories":[5018,79],"tags":[5019,3979],"coauthors":[],"class_list":{"0":"post-20862","1":"post","2":"type-post","3":"status-publish","4":"format-standard","6":"category-cavalie-christiane","7":"category-roman","8":"tag-christiane-cavalie","9":"tag-institutrice"},"jetpack_featured_media_url":"","jetpack_sharing_enabled":true,"_links":{"self":[{"href":"https:\/\/www.o-p-i.fr\/7alire\/wp-json\/wp\/v2\/posts\/20862","targetHints":{"allow":["GET"]}}],"collection":[{"href":"https:\/\/www.o-p-i.fr\/7alire\/wp-json\/wp\/v2\/posts"}],"about":[{"href":"https:\/\/www.o-p-i.fr\/7alire\/wp-json\/wp\/v2\/types\/post"}],"author":[{"embeddable":true,"href":"https:\/\/www.o-p-i.fr\/7alire\/wp-json\/wp\/v2\/users\/4"}],"replies":[{"embeddable":true,"href":"https:\/\/www.o-p-i.fr\/7alire\/wp-json\/wp\/v2\/comments?post=20862"}],"version-history":[{"count":5,"href":"https:\/\/www.o-p-i.fr\/7alire\/wp-json\/wp\/v2\/posts\/20862\/revisions"}],"predecessor-version":[{"id":22501,"href":"https:\/\/www.o-p-i.fr\/7alire\/wp-json\/wp\/v2\/posts\/20862\/revisions\/22501"}],"wp:attachment":[{"href":"https:\/\/www.o-p-i.fr\/7alire\/wp-json\/wp\/v2\/media?parent=20862"}],"wp:term":[{"taxonomy":"category","embeddable":true,"href":"https:\/\/www.o-p-i.fr\/7alire\/wp-json\/wp\/v2\/categories?post=20862"},{"taxonomy":"post_tag","embeddable":true,"href":"https:\/\/www.o-p-i.fr\/7alire\/wp-json\/wp\/v2\/tags?post=20862"},{"taxonomy":"author","embeddable":true,"href":"https:\/\/www.o-p-i.fr\/7alire\/wp-json\/wp\/v2\/coauthors?post=20862"}],"curies":[{"name":"wp","href":"https:\/\/api.w.org\/{rel}","templated":true}]}}