{"id":2087,"date":"2009-12-01T12:49:52","date_gmt":"2009-12-01T10:49:52","guid":{"rendered":"\/7alire\/?p=2087"},"modified":"2009-12-01T12:49:52","modified_gmt":"2009-12-01T10:49:52","slug":"telethon-occitans-solidaires","status":"publish","type":"post","link":"https:\/\/www.o-p-i.fr\/7alire\/occitanie\/tarn-e-garona-occitan\/telethon-occitans-solidaires\/","title":{"rendered":"T\u00e9l\u00e9thon : Occitans solidaires !"},"content":{"rendered":"<p>\u201c<a href=\"..\/occitanie\/tarn-e-garona-occitan\/\" target=\"_blank\">Tarn e Garona occitan, association Fr\u00e9d\u00e9ric Cayrou<\/a>\u201d et \u201c<a href=\"..\/auteurs-contemporains\/\" target=\"_self\">Autriche &amp; Pays d\u2019Oc<\/a>\u201d proposent diverses activit\u00e9s <strong>samedi 5 d\u00e9cembre<\/strong> de 14h \u00e0 19h au cin\u00e9ma de Monclar de Quercy et dans une salle adjacente gr\u00e2ce \u00e0 la g\u00e9n\u00e9reuse complicit\u00e9 de la mairie et de l\u2019Office de tourisme.<\/p>\n<p>Projections, dict\u00e9e, lectures de texte (en rapport avec l&rsquo;occitanie bien s\u00fbr !)&#8230; dont les b\u00e9n\u00e9fices seront revers\u00e9s au T\u00e9l\u00e9thon.<\/p>\n<p>Retrouvez le programme complet sur Parlons En <a href=\"https:\/\/www.o-p-i.fr\/parlonsen\/localisation\/monclar\/telethon-occitans-solidaires\/\" target=\"_self\">en cliquant sur ce lien<\/a> !<\/p>\n","protected":false},"excerpt":{"rendered":"<div class=\"mh-excerpt\">\u201cTarn e Garona occitan, association Fr\u00e9d\u00e9ric Cayrou\u201d et \u201cAutriche &amp; Pays d\u2019Oc\u201d proposent diverses activit\u00e9s samedi 5 d\u00e9cembre de 14h \u00e0 19h au cin\u00e9ma de Monclar de Quercy et dans une salle adjacente gr\u00e2ce \u00e0 <a class=\"mh-excerpt-more\" href=\"https:\/\/www.o-p-i.fr\/7alire\/occitanie\/tarn-e-garona-occitan\/telethon-occitans-solidaires\/\" title=\"T\u00e9l\u00e9thon : Occitans solidaires !\">[&#8230;]<\/a><\/div>\n","protected":false},"author":1,"featured_media":0,"comment_status":"open","ping_status":"open","sticky":false,"template":"","format":"standard","meta":{"_jetpack_memberships_contains_paid_content":false,"footnotes":"","_links_to":"","_links_to_target":""},"categories":[266,28,12],"tags":[261,3632,377],"coauthors":[],"class_list":{"0":"post-2087","1":"post","2":"type-post","3":"status-publish","4":"format-standard","6":"category-activites-occitanes","7":"category-autriche_pays_oc","8":"category-tarn-e-garona-occitan","9":"tag-autriche-et-pays-doc","10":"tag-tarn-e-garona-occitan","11":"tag-telethon"},"jetpack_featured_media_url":"","jetpack_sharing_enabled":true,"_links":{"self":[{"href":"https:\/\/www.o-p-i.fr\/7alire\/wp-json\/wp\/v2\/posts\/2087","targetHints":{"allow":["GET"]}}],"collection":[{"href":"https:\/\/www.o-p-i.fr\/7alire\/wp-json\/wp\/v2\/posts"}],"about":[{"href":"https:\/\/www.o-p-i.fr\/7alire\/wp-json\/wp\/v2\/types\/post"}],"author":[{"embeddable":true,"href":"https:\/\/www.o-p-i.fr\/7alire\/wp-json\/wp\/v2\/users\/1"}],"replies":[{"embeddable":true,"href":"https:\/\/www.o-p-i.fr\/7alire\/wp-json\/wp\/v2\/comments?post=2087"}],"version-history":[{"count":2,"href":"https:\/\/www.o-p-i.fr\/7alire\/wp-json\/wp\/v2\/posts\/2087\/revisions"}],"predecessor-version":[{"id":2089,"href":"https:\/\/www.o-p-i.fr\/7alire\/wp-json\/wp\/v2\/posts\/2087\/revisions\/2089"}],"wp:attachment":[{"href":"https:\/\/www.o-p-i.fr\/7alire\/wp-json\/wp\/v2\/media?parent=2087"}],"wp:term":[{"taxonomy":"category","embeddable":true,"href":"https:\/\/www.o-p-i.fr\/7alire\/wp-json\/wp\/v2\/categories?post=2087"},{"taxonomy":"post_tag","embeddable":true,"href":"https:\/\/www.o-p-i.fr\/7alire\/wp-json\/wp\/v2\/tags?post=2087"},{"taxonomy":"author","embeddable":true,"href":"https:\/\/www.o-p-i.fr\/7alire\/wp-json\/wp\/v2\/coauthors?post=2087"}],"curies":[{"name":"wp","href":"https:\/\/api.w.org\/{rel}","templated":true}]}}