{"id":20913,"date":"2022-03-04T23:58:11","date_gmt":"2022-03-04T21:58:11","guid":{"rendered":"https:\/\/www.o-p-i.fr\/7alire\/?p=20913"},"modified":"2022-03-05T09:56:40","modified_gmt":"2022-03-05T07:56:40","slug":"biographie-adeline-camus","status":"publish","type":"post","link":"https:\/\/www.o-p-i.fr\/7alire\/auteurs-contemporains\/biographie\/biographie-adeline-camus\/","title":{"rendered":"Biographie Adeline CAMUS"},"content":{"rendered":"<figure id=\"attachment_20914\" aria-describedby=\"caption-attachment-20914\" style=\"width: 425px\" class=\"wp-caption alignleft\"><a href=\"https:\/\/www.o-p-i.fr\/7alire\/wp-content\/uploads\/Adeline-CAMUS.gif\"><img loading=\"lazy\" decoding=\"async\" class=\"wp-image-20914 size-full\" src=\"https:\/\/www.o-p-i.fr\/7alire\/wp-content\/uploads\/Adeline-CAMUS.gif\" alt=\"\" width=\"425\" height=\"375\" \/><\/a><figcaption id=\"caption-attachment-20914\" class=\"wp-caption-text\">Adeline CAMUS<\/figcaption><\/figure>\n<p>Je m&rsquo;appelle Adeline CAMUS, j&rsquo;ai 33 ans et je suis maman de 3 enfants. Je suis sophrologue, hypnoth\u00e9rapeute, professeur de m\u00e9ditation et de yoga install\u00e9e \u00e0 L\u2019Union (31).<\/p>\n<p>Depuis longtemps attir\u00e9e par l&rsquo;envie d&rsquo;\u00e9crire, c&rsquo;est dans le cadre de mon activit\u00e9 professionnelle que ce d\u00e9sir s&rsquo;est exprim\u00e9 tout naturellement. En effet, j&rsquo;ai rencontr\u00e9 un certain nombre d&rsquo;enfants qui n\u00e9cessitent un accompagnement particulier autour de la gestion des \u00e9motions, l&rsquo;estime de soi, la canalisation de leur \u00e9nergie, les troubles de l&rsquo;endormissement&#8230; Leurs parents, ainsi que certains professionnels se retrouvent ainsi d\u00e9munis, ne sachant comment accompagner leur enfant dans ces freins \u00e0 leur \u00e9panouissement.<\/p>\n<p>C&rsquo;est \u00e0 partir de ce constat qu&rsquo;a commenc\u00e9 \u00e0 germer dans mon esprit le souhait de d\u00e9velopper mes propres \u00ab\u00a0outils\u00a0\u00bb p\u00e9dagogiques, ludiques et th\u00e9rapeutiques \u00e0 la fois. Adepte des livres pour enfants d\u00e8s le plus jeune \u00e2ge, j&rsquo;ai fait travailler mon imagination pour cr\u00e9er des personnages et des histoires dans lesquels chaque enfant peut se reconna\u00eetre, de l&rsquo;\u00e2ge de 2 ans et demi jusqu\u2019\u00e0 environ 9 ans. Les illustrations ont \u00e9t\u00e9 cr\u00e9\u00e9es par Margot Collavini et Caroline Bonnin.<\/p>\n<p>La collection qui s\u2019intitule \u00ab Billes de relaxation \u00bb contient, jusqu&rsquo;\u00e0 ce jour, 19 histoires (d\u2019une vingtaine de pages). Chacune de ces histoires contient un v\u00e9ritable exercice de Sophrologie ou de M\u00e9ditation de pleine conscience autour des th\u00e8mes de : la gestion des \u00e9motions, le d\u00e9veloppement de la concentration, le retour au calme, la confiance en soi, l\u2019endormissement, la relaxation corporelle\u2026<\/p>\n<p>Je fais imprimer les livres par une imprimerie situ\u00e9 dans le Tarn, et je finance leur impression par des campagnes de financement participatif sur la <a href=\"https:\/\/fr.ulule.com\/\" target=\"_blank\" rel=\"noopener noreferrer\">plateforme Ulule<\/a>. Chaque livre poss\u00e8de un code ISBN.<\/p>\n<p>Afin de faire conna\u00eetre ces ouvrages, j\u2019anime des lectures publiques dans les biblioth\u00e8ques, librairies, \u00e9coles et autres structures int\u00e9ress\u00e9es (salon de th\u00e9 de Pechbonnieu, si\u00e8ge d\u2019une association partenaire\u2026) \u00e0 destination des enfants de 3 \u00e0 9 ans en pr\u00e9sence de leur(s) parent(s).<\/p>\n<p><strong>Pour consulter ma fiche bibliographie, <a href=\"https:\/\/www.o-p-i.fr\/7alire\/genre\/conte\/bibliographie-adeline-camus\/\" target=\"_blank\" rel=\"noopener noreferrer\">cliquez ICI<\/a><\/strong><\/p>\n<p>CONTACT : 06.10.26.75.67 \/ <a href=\"mailto:billesderelaxation@gmail.com\" target=\"_blank\" rel=\"noopener noreferrer\">billesderelaxation@gmail.com<\/a> \u00a0\/ <a href=\"http:\/\/facebook@billesderelaxation\" target=\"_blank\" rel=\"noopener noreferrer\">facebook@billesderelaxation<\/a> \/ <a href=\"http:\/\/www.minalicha.com\" target=\"_blank\" rel=\"noopener noreferrer\">www.minalicha.com<\/a><\/p>\n","protected":false},"excerpt":{"rendered":"<div class=\"mh-excerpt\">Je m&rsquo;appelle Adeline CAMUS, j&rsquo;ai 33 ans et je suis maman de 3 enfants. Je suis sophrologue, hypnoth\u00e9rapeute, professeur de m\u00e9ditation et de yoga install\u00e9e \u00e0 L\u2019Union (31). Depuis longtemps attir\u00e9e par l&rsquo;envie d&rsquo;\u00e9crire, c&rsquo;est <a class=\"mh-excerpt-more\" href=\"https:\/\/www.o-p-i.fr\/7alire\/auteurs-contemporains\/biographie\/biographie-adeline-camus\/\" title=\"Biographie Adeline CAMUS\">[&#8230;]<\/a><\/div>\n","protected":false},"author":4,"featured_media":0,"comment_status":"open","ping_status":"open","sticky":false,"template":"","format":"standard","meta":{"_jetpack_memberships_contains_paid_content":false,"footnotes":"","_links_to":"","_links_to_target":""},"categories":[5039,5,406],"tags":[5040,5043,5042,784,5041,156],"coauthors":[],"class_list":{"0":"post-20913","1":"post","2":"type-post","3":"status-publish","4":"format-standard","6":"category-camus-adeline","7":"category-biographie","8":"category-sciences-humaines","9":"tag-adeline-camus","10":"tag-gestion-des-emotions","11":"tag-hypnotherapeute","12":"tag-meditation","13":"tag-sophrologue","14":"tag-yoga"},"jetpack_featured_media_url":"","jetpack_sharing_enabled":true,"_links":{"self":[{"href":"https:\/\/www.o-p-i.fr\/7alire\/wp-json\/wp\/v2\/posts\/20913","targetHints":{"allow":["GET"]}}],"collection":[{"href":"https:\/\/www.o-p-i.fr\/7alire\/wp-json\/wp\/v2\/posts"}],"about":[{"href":"https:\/\/www.o-p-i.fr\/7alire\/wp-json\/wp\/v2\/types\/post"}],"author":[{"embeddable":true,"href":"https:\/\/www.o-p-i.fr\/7alire\/wp-json\/wp\/v2\/users\/4"}],"replies":[{"embeddable":true,"href":"https:\/\/www.o-p-i.fr\/7alire\/wp-json\/wp\/v2\/comments?post=20913"}],"version-history":[{"count":4,"href":"https:\/\/www.o-p-i.fr\/7alire\/wp-json\/wp\/v2\/posts\/20913\/revisions"}],"predecessor-version":[{"id":22043,"href":"https:\/\/www.o-p-i.fr\/7alire\/wp-json\/wp\/v2\/posts\/20913\/revisions\/22043"}],"wp:attachment":[{"href":"https:\/\/www.o-p-i.fr\/7alire\/wp-json\/wp\/v2\/media?parent=20913"}],"wp:term":[{"taxonomy":"category","embeddable":true,"href":"https:\/\/www.o-p-i.fr\/7alire\/wp-json\/wp\/v2\/categories?post=20913"},{"taxonomy":"post_tag","embeddable":true,"href":"https:\/\/www.o-p-i.fr\/7alire\/wp-json\/wp\/v2\/tags?post=20913"},{"taxonomy":"author","embeddable":true,"href":"https:\/\/www.o-p-i.fr\/7alire\/wp-json\/wp\/v2\/coauthors?post=20913"}],"curies":[{"name":"wp","href":"https:\/\/api.w.org\/{rel}","templated":true}]}}