{"id":21101,"date":"2020-03-31T15:11:13","date_gmt":"2020-03-31T13:11:13","guid":{"rendered":"https:\/\/www.o-p-i.fr\/7alire\/?p=21101"},"modified":"2020-03-31T15:11:13","modified_gmt":"2020-03-31T13:11:13","slug":"9eme-edition-du-salon-du-livre-de-recoules-previnquieres-12-dimanche-22-novembre-2020","status":"publish","type":"post","link":"https:\/\/www.o-p-i.fr\/7alire\/salon\/9eme-edition-du-salon-du-livre-de-recoules-previnquieres-12-dimanche-22-novembre-2020\/","title":{"rendered":"9\u00e8me \u00c9dition du Salon du Livre de RECOULES PR\u00c9VINQUI\u00c8RES (12) dimanche 22 novembre 2020"},"content":{"rendered":"<p><a href=\"https:\/\/www.o-p-i.fr\/7alire\/wp-content\/uploads\/Rrecoules.jpg\"><img loading=\"lazy\" decoding=\"async\" class=\"alignright size-full wp-image-21102\" src=\"https:\/\/www.o-p-i.fr\/7alire\/wp-content\/uploads\/Rrecoules.jpg\" alt=\"\" width=\"425\" height=\"195\" srcset=\"https:\/\/www.o-p-i.fr\/7alire\/wp-content\/uploads\/Rrecoules.jpg 425w, https:\/\/www.o-p-i.fr\/7alire\/wp-content\/uploads\/Rrecoules-300x138.jpg 300w\" sizes=\"auto, (max-width: 425px) 100vw, 425px\" \/><\/a>Les auteurs vous attendent toute la journ\u00e9e pour \u00e9changer, discuter ou vous d\u00e9dicacer leurs diff\u00e9rents ouvrages !<br \/>\nRendez-vous \u00e0 la Salle des F\u00eates de Recoules Pr\u00e9vinqui\u00e8res de 9h \u00e0 18h !<\/p>\n<p><strong>Salle des F\u00eates<\/strong><br \/>\nRecoules Pr\u00e9vinqui\u00e8res<br \/>\n12150 S\u00e9v\u00e9rac-d&rsquo;Aveyron<\/p>\n<p>lat. 44.342701 &#8211; lon. 2.968300<\/p>\n<p>Il reste quelques places pour les auteurs:<\/p>\n<p style=\"font-weight: 400;\"><strong>Contact<\/strong> : Pierre Gintrand<\/p>\n<p style=\"font-weight: 400;\"><a href=\"mailto:Pierre.gintrand@orange.fr\">Pierre.gintrand@orange.fr<\/a><\/p>\n<p style=\"font-weight: 400;\">05 65 62 22 54<\/p>\n<p>06 79 79 39 15<\/p>\n<div class=\"lae-col lae-ph-12 lae-sm-12 lae-md-8 lae-lg-8 bloc-padding\">\n<p>&nbsp;<\/p>\n<\/div>\n","protected":false},"excerpt":{"rendered":"<div class=\"mh-excerpt\">Les auteurs vous attendent toute la journ\u00e9e pour \u00e9changer, discuter ou vous d\u00e9dicacer leurs diff\u00e9rents ouvrages ! Rendez-vous \u00e0 la Salle des F\u00eates de Recoules Pr\u00e9vinqui\u00e8res de 9h \u00e0 18h ! Salle des F\u00eates Recoules <a class=\"mh-excerpt-more\" href=\"https:\/\/www.o-p-i.fr\/7alire\/salon\/9eme-edition-du-salon-du-livre-de-recoules-previnquieres-12-dimanche-22-novembre-2020\/\" title=\"9\u00e8me \u00c9dition du Salon du Livre de RECOULES PR\u00c9VINQUI\u00c8RES (12) dimanche 22 novembre 2020\">[&#8230;]<\/a><\/div>\n","protected":false},"author":4,"featured_media":0,"comment_status":"open","ping_status":"open","sticky":false,"template":"","format":"standard","meta":{"_jetpack_memberships_contains_paid_content":false,"footnotes":"","_links_to":"","_links_to_target":""},"categories":[4719],"tags":[3026,3542,9],"coauthors":[],"class_list":{"0":"post-21101","1":"post","2":"type-post","3":"status-publish","4":"format-standard","6":"category-salon","7":"tag-inscription","8":"tag-recoules-previnquiere","9":"tag-salon-du-livre"},"jetpack_featured_media_url":"","jetpack_sharing_enabled":true,"_links":{"self":[{"href":"https:\/\/www.o-p-i.fr\/7alire\/wp-json\/wp\/v2\/posts\/21101","targetHints":{"allow":["GET"]}}],"collection":[{"href":"https:\/\/www.o-p-i.fr\/7alire\/wp-json\/wp\/v2\/posts"}],"about":[{"href":"https:\/\/www.o-p-i.fr\/7alire\/wp-json\/wp\/v2\/types\/post"}],"author":[{"embeddable":true,"href":"https:\/\/www.o-p-i.fr\/7alire\/wp-json\/wp\/v2\/users\/4"}],"replies":[{"embeddable":true,"href":"https:\/\/www.o-p-i.fr\/7alire\/wp-json\/wp\/v2\/comments?post=21101"}],"version-history":[{"count":1,"href":"https:\/\/www.o-p-i.fr\/7alire\/wp-json\/wp\/v2\/posts\/21101\/revisions"}],"predecessor-version":[{"id":21103,"href":"https:\/\/www.o-p-i.fr\/7alire\/wp-json\/wp\/v2\/posts\/21101\/revisions\/21103"}],"wp:attachment":[{"href":"https:\/\/www.o-p-i.fr\/7alire\/wp-json\/wp\/v2\/media?parent=21101"}],"wp:term":[{"taxonomy":"category","embeddable":true,"href":"https:\/\/www.o-p-i.fr\/7alire\/wp-json\/wp\/v2\/categories?post=21101"},{"taxonomy":"post_tag","embeddable":true,"href":"https:\/\/www.o-p-i.fr\/7alire\/wp-json\/wp\/v2\/tags?post=21101"},{"taxonomy":"author","embeddable":true,"href":"https:\/\/www.o-p-i.fr\/7alire\/wp-json\/wp\/v2\/coauthors?post=21101"}],"curies":[{"name":"wp","href":"https:\/\/api.w.org\/{rel}","templated":true}]}}