{"id":21139,"date":"2020-04-05T21:05:10","date_gmt":"2020-04-05T19:05:10","guid":{"rendered":"https:\/\/www.o-p-i.fr\/7alire\/?p=21139"},"modified":"2022-09-02T20:29:02","modified_gmt":"2022-09-02T18:29:02","slug":"helene-marche-bibliographie","status":"publish","type":"post","link":"https:\/\/www.o-p-i.fr\/7alire\/auteurs-contemporains\/%c2%a9-march-helen\/helene-marche-bibliographie\/","title":{"rendered":"H\u00e9l\u00e8ne MARCHE. Bibliographie"},"content":{"rendered":"<h4><a href=\"https:\/\/www.o-p-i.fr\/7alire\/wp-content\/uploads\/H\u00e9l\u00e8ne-MARCHE-salon-e1586113191254.jpg\"><img loading=\"lazy\" decoding=\"async\" class=\"alignright wp-image-21142 size-full\" src=\"https:\/\/www.o-p-i.fr\/7alire\/wp-content\/uploads\/H\u00e9l\u00e8ne-MARCHE-salon-e1586113191254.jpg\" alt=\"\" width=\"425\" height=\"319\" srcset=\"https:\/\/www.o-p-i.fr\/7alire\/wp-content\/uploads\/H\u00e9l\u00e8ne-MARCHE-salon-e1586113191254.jpg 425w, https:\/\/www.o-p-i.fr\/7alire\/wp-content\/uploads\/H\u00e9l\u00e8ne-MARCHE-salon-e1586113191254-300x225.jpg 300w\" sizes=\"auto, (max-width: 425px) 100vw, 425px\" \/><\/a><\/h4>\n<p><strong><em>Cliquez sur le nom d&rsquo;un ouvrage pour acc\u00e9der \u00e0 sa fiche descriptive<\/em><\/strong><\/p>\n<h4>Recueil de Nouvelles : Auteurs d&rsquo;Occitanie<\/h4>\n<ul>\n<li><a href=\"https:\/\/www.o-p-i.fr\/7alire\/genre\/nouvelle\/petites-feuilles-de-la-vie\/\" target=\"_blank\" rel=\"noopener noreferrer\">Petites Feuilles de la Vie<\/a> (2008)<\/li>\n<\/ul>\n<h4>Livres Jeunesse : \u00c9ditions Hors Limite (Bilingue : anglais-fran\u00e7ais)<\/h4>\n<ul>\n<li><a href=\"https:\/\/www.o-p-i.fr\/7alire\/7-a-lire-actu\/7-a-lire-pour-les-enfants\/je-mappelle-olympe\/\" target=\"_blank\" rel=\"noopener noreferrer\">Je m&rsquo;appelle Olympe<\/a>, Nono pour les amis (2012)<br \/>\nMy name is Olympe, Nono for friends<\/li>\n<li><a href=\"https:\/\/www.o-p-i.fr\/7alire\/7-a-lire-actu\/7-a-lire-pour-les-enfants\/je-mappelle-pilou-le-batard\/\" target=\"_blank\" rel=\"noopener noreferrer\">Je m&rsquo;appelle Pilou<\/a>, le \u00ab\u00a0b\u00e2tard\u00a0\u00bb (2012)<br \/>\nMy name is Pilou, the mongrel<\/li>\n<li><a href=\"https:\/\/www.o-p-i.fr\/7alire\/7-a-lire-actu\/je-mappelle-victor\/\" target=\"_blank\" rel=\"noopener noreferrer\">Je m&rsquo;appelle Victor<\/a>, le chat (2012)<br \/>\nMy name is Victor, the cat<\/li>\n<li><a href=\"https:\/\/www.o-p-i.fr\/7alire\/7-a-lire-actu\/je-mappelle-moriss-dit-lapinou-livre-bilingue-francais-anglais-dhelene-marche-editions-hors-limite\/\" target=\"_blank\" rel=\"noopener noreferrer\">Je m&rsquo;appelle Moriss<\/a>, dit Lapinou,(2013)<br \/>\nMy name is Moriss, the bunny rabbit<\/li>\n<li><a href=\"https:\/\/www.o-p-i.fr\/7alire\/genre\/conte\/je-mappelle-yepa-conte-animalier-dhelene-marche\/\" target=\"_blank\" rel=\"noopener noreferrer\">Je m&rsquo;appelle Yepa<\/a>, l&rsquo;ourse polaire (2018)<br \/>\nMy name is Yepa, the polar bear<\/li>\n<\/ul>\n<h4>Livres Jeunesse : \u00c9ditions Hors Limite (Bilingue : occitan-fran\u00e7ais)<\/h4>\n<ul>\n<li lang=\"fr-FR\" style=\"text-align: left;\"><span style=\"font-size: medium; font-family: Arial, sans-serif; color: #000000;\">Je m\u2019appelle Olympe, M\u2019ap\u00e8li Ol\u00edmpia (2020)<\/span><\/li>\n<li lang=\"fr-FR\" style=\"text-align: left;\"><span style=\"font-size: medium; font-family: Arial, sans-serif; color: #000000; text-align: left;\">Je m\u2019appelle Pilou, M\u2019ap\u00e8li Pil\u00f3 (2020)<\/span><\/li>\n<\/ul>\n<h4>Livres Jeunesse : \u00c9ditions Hors Limite (Bilingue : espagnol-fran\u00e7ais)<\/h4>\n<ul>\n<li><a href=\"https:\/\/www.o-p-i.fr\/7alire\/7-a-lire-actu\/je-mappelle-oseille-me-llamo-oseille-helene-marche\/\" target=\"_blank\" rel=\"noopener noreferrer\">Je m&rsquo;appelle Oseille<\/a>, l&rsquo;\u00e2ne savant des Pyr\u00e9n\u00e9es(2015)<br \/>\nMe llamo Oseille, el burro sabio de los Pirineos<\/li>\n<\/ul>\n<h4>Roman fantastique young adulte : \u00c9ditions Lune-\u00c9carlate<\/h4>\n<ul>\n<li><a href=\"https:\/\/www.o-p-i.fr\/7alire\/7-a-lire-actu\/mysterieuse-rencontre-helene-marche-editions-lune-ecarlate\/\" target=\"_blank\" rel=\"noopener noreferrer\">Myst\u00e9rieuse Rencontre<\/a> (2014)<\/li>\n<\/ul>\n<h4>Romans<\/h4>\n<ul>\n<li><a href=\"https:\/\/www.o-p-i.fr\/7alire\/7-a-lire-actu\/foudre-sur-mon-coeur\/\" target=\"_blank\" rel=\"noopener noreferrer\">Foudre Sur Mon C\u0153ur<\/a> (2010) \u00c9ditions Amorosa (Les Nouveaux Auteurs)<\/li>\n<li><a href=\"https:\/\/www.o-p-i.fr\/7alire\/auteurs-contemporains\/le-soleil-des-cyclades-helene-marche\/\" target=\"_blank\" rel=\"noopener noreferrer\">Le Soleil des Cyclades<\/a> (2018) \u00c9ditions Amarante<\/li>\n<li><a href=\"https:\/\/www.o-p-i.fr\/7alire\/genre\/roman\/cassandra-dhelene-marche\/\" target=\"_blank\" rel=\"noopener noreferrer\">Cassandra<\/a> (2019) \u00c9vidence \u00c9ditions<\/li>\n<li><a href=\"https:\/\/www.o-p-i.fr\/7alire\/genre\/roman\/lyana-un-destin-particulier-dhelene-marche\/\" target=\"_blank\" rel=\"noopener noreferrer\">Lyana un destin particulier<\/a> (2022) Editions du Lys bleu<\/li>\n<\/ul>\n","protected":false},"excerpt":{"rendered":"<div class=\"mh-excerpt\">Cliquez sur le nom d&rsquo;un ouvrage pour acc\u00e9der \u00e0 sa fiche descriptive Recueil de Nouvelles : Auteurs d&rsquo;Occitanie Petites Feuilles de la Vie (2008) Livres Jeunesse : \u00c9ditions Hors Limite (Bilingue : anglais-fran\u00e7ais) Je m&rsquo;appelle <a class=\"mh-excerpt-more\" href=\"https:\/\/www.o-p-i.fr\/7alire\/auteurs-contemporains\/%c2%a9-march-helen\/helene-marche-bibliographie\/\" title=\"H\u00e9l\u00e8ne MARCHE. Bibliographie\">[&#8230;]<\/a><\/div>\n","protected":false},"author":4,"featured_media":0,"comment_status":"open","ping_status":"open","sticky":false,"template":"","format":"standard","meta":{"_jetpack_memberships_contains_paid_content":false,"footnotes":"","_links_to":"","_links_to_target":""},"categories":[182,5044],"tags":[5091,403],"coauthors":[],"class_list":{"0":"post-21139","1":"post","2":"type-post","3":"status-publish","4":"format-standard","6":"category--march-helen","7":"category-bibliographie","8":"tag-marche-helene","9":"tag-bibliographie"},"jetpack_featured_media_url":"","jetpack_sharing_enabled":true,"_links":{"self":[{"href":"https:\/\/www.o-p-i.fr\/7alire\/wp-json\/wp\/v2\/posts\/21139","targetHints":{"allow":["GET"]}}],"collection":[{"href":"https:\/\/www.o-p-i.fr\/7alire\/wp-json\/wp\/v2\/posts"}],"about":[{"href":"https:\/\/www.o-p-i.fr\/7alire\/wp-json\/wp\/v2\/types\/post"}],"author":[{"embeddable":true,"href":"https:\/\/www.o-p-i.fr\/7alire\/wp-json\/wp\/v2\/users\/4"}],"replies":[{"embeddable":true,"href":"https:\/\/www.o-p-i.fr\/7alire\/wp-json\/wp\/v2\/comments?post=21139"}],"version-history":[{"count":7,"href":"https:\/\/www.o-p-i.fr\/7alire\/wp-json\/wp\/v2\/posts\/21139\/revisions"}],"predecessor-version":[{"id":23195,"href":"https:\/\/www.o-p-i.fr\/7alire\/wp-json\/wp\/v2\/posts\/21139\/revisions\/23195"}],"wp:attachment":[{"href":"https:\/\/www.o-p-i.fr\/7alire\/wp-json\/wp\/v2\/media?parent=21139"}],"wp:term":[{"taxonomy":"category","embeddable":true,"href":"https:\/\/www.o-p-i.fr\/7alire\/wp-json\/wp\/v2\/categories?post=21139"},{"taxonomy":"post_tag","embeddable":true,"href":"https:\/\/www.o-p-i.fr\/7alire\/wp-json\/wp\/v2\/tags?post=21139"},{"taxonomy":"author","embeddable":true,"href":"https:\/\/www.o-p-i.fr\/7alire\/wp-json\/wp\/v2\/coauthors?post=21139"}],"curies":[{"name":"wp","href":"https:\/\/api.w.org\/{rel}","templated":true}]}}