{"id":2140,"date":"2009-12-05T16:58:19","date_gmt":"2009-12-05T14:58:19","guid":{"rendered":"\/7alire\/?p=2140"},"modified":"2013-01-09T18:01:42","modified_gmt":"2013-01-09T16:01:42","slug":"le-souffle","status":"publish","type":"post","link":"https:\/\/www.o-p-i.fr\/7alire\/auteurs-contemporains\/%c2%a9-angelilla-scot-myriam\/le-souffle\/","title":{"rendered":"Le souffle"},"content":{"rendered":"<p style=\"text-align: justify;\">\n<figure id=\"attachment_2141\" aria-describedby=\"caption-attachment-2141\" style=\"width: 250px\" class=\"wp-caption alignleft\"><img loading=\"lazy\" decoding=\"async\" class=\"size-full wp-image-2141\" title=\"Le souffle\" src=\"https:\/\/www.o-p-i.fr\/7alire\/wp-content\/uploads\/souffle.jpg\" alt=\"Le souffle\" width=\"250\" height=\"350\" srcset=\"https:\/\/www.o-p-i.fr\/7alire\/wp-content\/uploads\/souffle.jpg 250w, https:\/\/www.o-p-i.fr\/7alire\/wp-content\/uploads\/souffle-214x300.jpg 214w\" sizes=\"auto, (max-width: 250px) 100vw, 250px\" \/><figcaption id=\"caption-attachment-2141\" class=\"wp-caption-text\">Le souffle<\/figcaption><\/figure>\n<p style=\"text-align: justify;\">Le souffle c\u2019est l\u2019inspiration, le divin, la vie, le peintre photographe AUQUIER sait, avec son mod\u00e8le, Isa, sugg\u00e9rer, transmettre, \u00e9tablir une relation entre le visible et le ressenti. Les plaques de schiste scintillent sous le soleil, c\u2019est \u00e0 l\u2019essence de la vie, dans l\u2019eau pure des gardons que se r\u00e9g\u00e9n\u00e8re l\u2019esprit. La d\u00e9couverte de la spiritualit\u00e9, la recherche des origines, la qu\u00eate de la v\u00e9rit\u00e9 transpara\u00eet dans ces photographies \u00e0 la grande charge \u00e9motionnelle.<\/p>\n<p style=\"text-align: justify;\">Photographies de Joseph AUQUIER, Textes de Myriam ANGILELLA \u2013 SCOT<br \/>\n<span style=\"color: #003366;\"><em><br \/>\nLe livre : format 21 x 29.5 cm, couverture couleur, comporte des textes et 66 pages couleur, 80 pages, va para\u00eetre prochainement, 49 \u20ac+ 7 \u20ac de port. Tous droits r\u00e9serv\u00e9s<\/em><\/span><\/p>\n<p style=\"text-align: justify;\"><strong><span style=\"color: #99cc00;\">Contact :<\/span><\/strong><\/p>\n<p style=\"text-align: justify;\"><span style=\"color: #ff6600;\"><strong>Editions Galerie l\u2019Arche<br \/>\n<\/strong><\/span>16 place du march\u00e9<br \/>\n12130 Saint Geniez d\u2019Olt<\/p>\n<p style=\"text-align: justify;\">T\u00e9l. : 05 65 69 73 06 ou 06 83 07 19 80<\/p>\n<p style=\"text-align: justify;\">Courriel : <a href=\"mailto:mjang@free.fr\">mjang@free.fr<\/a><\/p>\n<p style=\"text-align: justify;\">Site : <a href=\"http:\/\/mjang.free.fr\/glarche\" target=\"_blank\">http:\/\/mjang.free.fr\/glarche<\/a><\/p>\n","protected":false},"excerpt":{"rendered":"<div class=\"mh-excerpt\">Le souffle c\u2019est l\u2019inspiration, le divin, la vie, le peintre photographe AUQUIER sait, avec son mod\u00e8le, Isa, sugg\u00e9rer, transmettre, \u00e9tablir une relation entre le visible et le ressenti. Les plaques de schiste scintillent sous le <a class=\"mh-excerpt-more\" href=\"https:\/\/www.o-p-i.fr\/7alire\/auteurs-contemporains\/%c2%a9-angelilla-scot-myriam\/le-souffle\/\" title=\"Le souffle\">[&#8230;]<\/a><\/div>\n","protected":false},"author":1,"featured_media":0,"comment_status":"open","ping_status":"open","sticky":false,"template":"","format":"standard","meta":{"_jetpack_memberships_contains_paid_content":false,"footnotes":"","_links_to":"","_links_to_target":""},"categories":[388],"tags":[380],"coauthors":[],"class_list":{"0":"post-2140","1":"post","2":"type-post","3":"status-publish","4":"format-standard","6":"category--angelilla-scot-myriam","7":"tag-myriam-angilella-scot"},"jetpack_featured_media_url":"","jetpack_sharing_enabled":true,"_links":{"self":[{"href":"https:\/\/www.o-p-i.fr\/7alire\/wp-json\/wp\/v2\/posts\/2140","targetHints":{"allow":["GET"]}}],"collection":[{"href":"https:\/\/www.o-p-i.fr\/7alire\/wp-json\/wp\/v2\/posts"}],"about":[{"href":"https:\/\/www.o-p-i.fr\/7alire\/wp-json\/wp\/v2\/types\/post"}],"author":[{"embeddable":true,"href":"https:\/\/www.o-p-i.fr\/7alire\/wp-json\/wp\/v2\/users\/1"}],"replies":[{"embeddable":true,"href":"https:\/\/www.o-p-i.fr\/7alire\/wp-json\/wp\/v2\/comments?post=2140"}],"version-history":[{"count":6,"href":"https:\/\/www.o-p-i.fr\/7alire\/wp-json\/wp\/v2\/posts\/2140\/revisions"}],"predecessor-version":[{"id":8286,"href":"https:\/\/www.o-p-i.fr\/7alire\/wp-json\/wp\/v2\/posts\/2140\/revisions\/8286"}],"wp:attachment":[{"href":"https:\/\/www.o-p-i.fr\/7alire\/wp-json\/wp\/v2\/media?parent=2140"}],"wp:term":[{"taxonomy":"category","embeddable":true,"href":"https:\/\/www.o-p-i.fr\/7alire\/wp-json\/wp\/v2\/categories?post=2140"},{"taxonomy":"post_tag","embeddable":true,"href":"https:\/\/www.o-p-i.fr\/7alire\/wp-json\/wp\/v2\/tags?post=2140"},{"taxonomy":"author","embeddable":true,"href":"https:\/\/www.o-p-i.fr\/7alire\/wp-json\/wp\/v2\/coauthors?post=2140"}],"curies":[{"name":"wp","href":"https:\/\/api.w.org\/{rel}","templated":true}]}}