{"id":21459,"date":"2020-06-29T10:37:16","date_gmt":"2020-06-29T08:37:16","guid":{"rendered":"https:\/\/www.o-p-i.fr\/7alire\/?p=21459"},"modified":"2022-02-19T18:20:44","modified_gmt":"2022-02-19T16:20:44","slug":"la-memoire-des-chemins-de-colette-berthes","status":"publish","type":"post","link":"https:\/\/www.o-p-i.fr\/7alire\/genre\/roman\/la-memoire-des-chemins-de-colette-berthes\/","title":{"rendered":"\u00ab\u00a0La M\u00e9moire des chemins\u00a0\u00bb  de Colette BERTHES"},"content":{"rendered":"<figure id=\"attachment_21460\" aria-describedby=\"caption-attachment-21460\" style=\"width: 425px\" class=\"wp-caption alignleft\"><a href=\"https:\/\/www.o-p-i.fr\/7alire\/wp-content\/uploads\/La-M\u00e9moire-des-chemins.jpg\"><img loading=\"lazy\" decoding=\"async\" class=\"wp-image-21460\" src=\"https:\/\/www.o-p-i.fr\/7alire\/wp-content\/uploads\/La-M\u00e9moire-des-chemins.jpg\" alt=\"\" width=\"425\" height=\"691\" srcset=\"https:\/\/www.o-p-i.fr\/7alire\/wp-content\/uploads\/La-M\u00e9moire-des-chemins.jpg 230w, https:\/\/www.o-p-i.fr\/7alire\/wp-content\/uploads\/La-M\u00e9moire-des-chemins-184x300.jpg 184w\" sizes=\"auto, (max-width: 425px) 100vw, 425px\" \/><\/a><figcaption id=\"caption-attachment-21460\" class=\"wp-caption-text\">La M\u00e9moire des chemins<\/figcaption><\/figure>\n<p>Bas Quercy, au d\u00e9but du XXe si\u00e8cle. Laurent vit une enfance heureuse, rythm\u00e9e par les travaux des champs, l&rsquo;\u00e9cole et les f\u00eates locales. Mais la guerre d\u00e9vaste ce bonheur paisible. Son certif&rsquo; en poche, il est plac\u00e9 comme apprenti charron. Deux rencontres d\u00e9cisives avec des Compagnons du Devoir vont changer son avenir : il part alors pour Bordeaux puis sur les routes de France pour d\u00e9couvrir l&rsquo;univers particulier du compagnonnage.<\/p>\n","protected":false},"excerpt":{"rendered":"<div class=\"mh-excerpt\">Bas Quercy, au d\u00e9but du XXe si\u00e8cle. Laurent vit une enfance heureuse, rythm\u00e9e par les travaux des champs, l&rsquo;\u00e9cole et les f\u00eates locales. Mais la guerre d\u00e9vaste ce bonheur paisible. Son certif&rsquo; en poche, il <a class=\"mh-excerpt-more\" href=\"https:\/\/www.o-p-i.fr\/7alire\/genre\/roman\/la-memoire-des-chemins-de-colette-berthes\/\" title=\"\u00ab\u00a0La M\u00e9moire des chemins\u00a0\u00bb  de Colette BERTHES\">[&#8230;]<\/a><\/div>\n","protected":false},"author":4,"featured_media":0,"comment_status":"open","ping_status":"open","sticky":false,"template":"","format":"standard","meta":{"_jetpack_memberships_contains_paid_content":false,"footnotes":"","_links_to":"","_links_to_target":""},"categories":[342,79],"tags":[343,5125,4521,3641],"coauthors":[],"class_list":{"0":"post-21459","1":"post","2":"type-post","3":"status-publish","4":"format-standard","6":"category--berthes-colette","7":"category-roman","8":"tag-colette-berthes","9":"tag-compagnonnage","10":"tag-des-travaux-des-champs","11":"tag-roman"},"jetpack_featured_media_url":"","jetpack_sharing_enabled":true,"_links":{"self":[{"href":"https:\/\/www.o-p-i.fr\/7alire\/wp-json\/wp\/v2\/posts\/21459","targetHints":{"allow":["GET"]}}],"collection":[{"href":"https:\/\/www.o-p-i.fr\/7alire\/wp-json\/wp\/v2\/posts"}],"about":[{"href":"https:\/\/www.o-p-i.fr\/7alire\/wp-json\/wp\/v2\/types\/post"}],"author":[{"embeddable":true,"href":"https:\/\/www.o-p-i.fr\/7alire\/wp-json\/wp\/v2\/users\/4"}],"replies":[{"embeddable":true,"href":"https:\/\/www.o-p-i.fr\/7alire\/wp-json\/wp\/v2\/comments?post=21459"}],"version-history":[{"count":3,"href":"https:\/\/www.o-p-i.fr\/7alire\/wp-json\/wp\/v2\/posts\/21459\/revisions"}],"predecessor-version":[{"id":22840,"href":"https:\/\/www.o-p-i.fr\/7alire\/wp-json\/wp\/v2\/posts\/21459\/revisions\/22840"}],"wp:attachment":[{"href":"https:\/\/www.o-p-i.fr\/7alire\/wp-json\/wp\/v2\/media?parent=21459"}],"wp:term":[{"taxonomy":"category","embeddable":true,"href":"https:\/\/www.o-p-i.fr\/7alire\/wp-json\/wp\/v2\/categories?post=21459"},{"taxonomy":"post_tag","embeddable":true,"href":"https:\/\/www.o-p-i.fr\/7alire\/wp-json\/wp\/v2\/tags?post=21459"},{"taxonomy":"author","embeddable":true,"href":"https:\/\/www.o-p-i.fr\/7alire\/wp-json\/wp\/v2\/coauthors?post=21459"}],"curies":[{"name":"wp","href":"https:\/\/api.w.org\/{rel}","templated":true}]}}