{"id":21527,"date":"2020-07-25T06:13:20","date_gmt":"2020-07-25T04:13:20","guid":{"rendered":"https:\/\/www.o-p-i.fr\/7alire\/?p=21527"},"modified":"2020-07-25T06:13:20","modified_gmt":"2020-07-25T04:13:20","slug":"le-bout-du-chemin-tome-3-le-jour-qui-suit-de-patricia-vidal-schneider","status":"publish","type":"post","link":"https:\/\/www.o-p-i.fr\/7alire\/genre\/roman\/le-bout-du-chemin-tome-3-le-jour-qui-suit-de-patricia-vidal-schneider\/","title":{"rendered":"\u00ab\u00a0Le Bout du Chemin \u2013 Tome 3 \u2013 Le Jour qui Suit\u00a0\u00bb de Patricia VIDAL-SCHNEIDER"},"content":{"rendered":"<figure id=\"attachment_21528\" aria-describedby=\"caption-attachment-21528\" style=\"width: 374px\" class=\"wp-caption alignleft\"><a href=\"https:\/\/www.o-p-i.fr\/7alire\/wp-content\/uploads\/Le-bout-du-chemin-tome-III-Le-Jour-qui-suit.jpg\"><img loading=\"lazy\" decoding=\"async\" class=\"size-full wp-image-21528\" src=\"https:\/\/www.o-p-i.fr\/7alire\/wp-content\/uploads\/Le-bout-du-chemin-tome-III-Le-Jour-qui-suit.jpg\" alt=\"\" width=\"374\" height=\"531\" srcset=\"https:\/\/www.o-p-i.fr\/7alire\/wp-content\/uploads\/Le-bout-du-chemin-tome-III-Le-Jour-qui-suit.jpg 374w, https:\/\/www.o-p-i.fr\/7alire\/wp-content\/uploads\/Le-bout-du-chemin-tome-III-Le-Jour-qui-suit-211x300.jpg 211w\" sizes=\"auto, (max-width: 374px) 100vw, 374px\" \/><\/a><figcaption id=\"caption-attachment-21528\" class=\"wp-caption-text\">Le bout du chemin tome III Le Jour qui suit<\/figcaption><\/figure>\n<p>Roman \u00ab\u00a0Le Bout du Chemin \u2013 Tome 3 \u2013 Le Jour qui Suit\u00a0\u00bb<\/p>\n<p>Le monde s&rsquo;\u00e9croule sous les yeux effar\u00e9s de la communaut\u00e9 du Cercle du Soleil. Le c\u00e9l\u00e8bre m\u00e9dium Xavier Chico a pr\u00e9dit la fin du monde pour le 20 Juillet 2019 et tout semble lui donner raison. Le peuple de France gronde de mis\u00e8re mal contenue et le mouvement des Gilets Jaunes ne s&rsquo;apaise pas\u2026<br \/>\nHans et ses amis ont investi le hameau abandonn\u00e9 des Terres de P\u00e9rillos dans les Corbi\u00e8res Catalanes et se pr\u00e9parent \u00e0 passer la Porte du Temps pour assurer leur survie.<br \/>\nEn 2032, le monde se reconstruit peu \u00e0 peu sur les ruines de l&rsquo;ancienne civilisation\u2026 les communaut\u00e9s de survivants se retrouvent et s&rsquo;affrontent\u2026 et si tout n&rsquo;\u00e9tait pas aussi simple\u2026? Et si demain n&rsquo;\u00e9tait qu\u2019un leurre\u2026<\/p>\n<p>ISBN\u00a0: 979-10-377-0144-2<\/p>\n<p style=\"font-weight: 400;\">Disponible dans toutes les librairies qui peuvent le commander \u00e0 leur fournisseur : La SODIS.<\/p>\n<p style=\"font-weight: 400;\">Egalement disponible sur des plateformes informatiques de ventes : Amazon \u2013 La FNAC \u2013 D\u00e9citre \u2013 Le Furet du Nord \u2013 Cultura\u2026<\/p>\n","protected":false},"excerpt":{"rendered":"<div class=\"mh-excerpt\">Roman \u00ab\u00a0Le Bout du Chemin \u2013 Tome 3 \u2013 Le Jour qui Suit\u00a0\u00bb Le monde s&rsquo;\u00e9croule sous les yeux effar\u00e9s de la communaut\u00e9 du Cercle du Soleil. Le c\u00e9l\u00e8bre m\u00e9dium Xavier Chico a pr\u00e9dit la <a class=\"mh-excerpt-more\" href=\"https:\/\/www.o-p-i.fr\/7alire\/genre\/roman\/le-bout-du-chemin-tome-3-le-jour-qui-suit-de-patricia-vidal-schneider\/\" title=\"\u00ab\u00a0Le Bout du Chemin \u2013 Tome 3 \u2013 Le Jour qui Suit\u00a0\u00bb de Patricia VIDAL-SCHNEIDER\">[&#8230;]<\/a><\/div>\n","protected":false},"author":4,"featured_media":0,"comment_status":"open","ping_status":"open","sticky":false,"template":"","format":"standard","meta":{"_jetpack_memberships_contains_paid_content":false,"footnotes":"","_links_to":"","_links_to_target":""},"categories":[5130,79],"tags":[5136,579,5131,5135],"coauthors":[],"class_list":{"0":"post-21527","1":"post","2":"type-post","3":"status-publish","4":"format-standard","6":"category-vidal-scneider-patricia","7":"category-roman","8":"tag-fin-du-monde","9":"tag-medium","10":"tag-patricia-vidal-schneider","11":"tag-survie"},"jetpack_featured_media_url":"","jetpack_sharing_enabled":true,"_links":{"self":[{"href":"https:\/\/www.o-p-i.fr\/7alire\/wp-json\/wp\/v2\/posts\/21527","targetHints":{"allow":["GET"]}}],"collection":[{"href":"https:\/\/www.o-p-i.fr\/7alire\/wp-json\/wp\/v2\/posts"}],"about":[{"href":"https:\/\/www.o-p-i.fr\/7alire\/wp-json\/wp\/v2\/types\/post"}],"author":[{"embeddable":true,"href":"https:\/\/www.o-p-i.fr\/7alire\/wp-json\/wp\/v2\/users\/4"}],"replies":[{"embeddable":true,"href":"https:\/\/www.o-p-i.fr\/7alire\/wp-json\/wp\/v2\/comments?post=21527"}],"version-history":[{"count":1,"href":"https:\/\/www.o-p-i.fr\/7alire\/wp-json\/wp\/v2\/posts\/21527\/revisions"}],"predecessor-version":[{"id":21529,"href":"https:\/\/www.o-p-i.fr\/7alire\/wp-json\/wp\/v2\/posts\/21527\/revisions\/21529"}],"wp:attachment":[{"href":"https:\/\/www.o-p-i.fr\/7alire\/wp-json\/wp\/v2\/media?parent=21527"}],"wp:term":[{"taxonomy":"category","embeddable":true,"href":"https:\/\/www.o-p-i.fr\/7alire\/wp-json\/wp\/v2\/categories?post=21527"},{"taxonomy":"post_tag","embeddable":true,"href":"https:\/\/www.o-p-i.fr\/7alire\/wp-json\/wp\/v2\/tags?post=21527"},{"taxonomy":"author","embeddable":true,"href":"https:\/\/www.o-p-i.fr\/7alire\/wp-json\/wp\/v2\/coauthors?post=21527"}],"curies":[{"name":"wp","href":"https:\/\/api.w.org\/{rel}","templated":true}]}}