{"id":2155,"date":"2009-12-08T12:35:10","date_gmt":"2009-12-08T10:35:10","guid":{"rendered":"\/7alire\/?p=2155"},"modified":"2009-12-08T12:35:10","modified_gmt":"2009-12-08T10:35:10","slug":"avis-de-recherche","status":"publish","type":"post","link":"https:\/\/www.o-p-i.fr\/7alire\/occitanie\/avis-de-recherche\/","title":{"rendered":"Avis de recherche !"},"content":{"rendered":"<figure id=\"attachment_2156\" aria-describedby=\"caption-attachment-2156\" style=\"width: 180px\" class=\"wp-caption alignleft\"><img loading=\"lazy\" decoding=\"async\" class=\"size-full wp-image-2156\" title=\"Rob\u00e8rt Ivan Lin\u00e0s est le fondateur de la &quot;f\u00e8ta occitana&quot; et du R\u00e9veil occitan en 1986.\" src=\"https:\/\/www.o-p-i.fr\/7alire\/wp-content\/uploads\/robert_linas.jpg\" alt=\"Rob\u00e8rt Ivan Lin\u00e0s est le fondateur de la &quot;f\u00e8ta occitana&quot; et du R\u00e9veil occitan en 1986.\" width=\"180\" height=\"240\" srcset=\"https:\/\/www.o-p-i.fr\/7alire\/wp-content\/uploads\/robert_linas.jpg 300w, https:\/\/www.o-p-i.fr\/7alire\/wp-content\/uploads\/robert_linas-225x300.jpg 225w\" sizes=\"auto, (max-width: 180px) 100vw, 180px\" \/><figcaption id=\"caption-attachment-2156\" class=\"wp-caption-text\">Rob\u00e8rt Ivan Lin\u00e0s est le fondateur de la &quot;f\u00e8ta occitana&quot; et du R\u00e9veil occitan en 1986.<\/figcaption><\/figure>\n<p style=\"text-align: justify;\">Nous sommes \u00e0 la recherche de <strong>documents vid\u00e9o<\/strong> sur des manifestations que nous aimerions voir sur grand \u00e9cran : le mariage traditionnel qui a eu lieu pour les 20 ans du Revisc\u00f2l, la f\u00eate du cheval (dont la prochaine \u00e9dition aura lieu samedi 17 et dimanche 18 avril).<\/p>\n<p style=\"text-align: justify;\">Nous recherchons aussi des documents vid\u00e9os sur le th\u00e9\u00e2tre occitan de Saint Caprais \u00ab\u00a0Expressin 176\u00a0\u00bb, sur le th\u00e9\u00e2tre de Saint Etienne ou sur celui de Vazerac&#8230; Tout document sur des activit\u00e9s occitanes, sur des f\u00eates traditionelles&#8230; nous int\u00e9resse pour notre fonds de ressources situ\u00e9 1400 Route d&rsquo;Auch \u00e0 Montauban.<\/p>\n<p style=\"text-align: justify;\"><span style=\"color: #99cc00;\"><strong>Contact :<\/strong><\/span><\/p>\n<p style=\"text-align: justify;\"><span style=\"color: #99cc00;\"><strong><span style=\"color: #ff6600;\">Tarn e Garonna Occitan<\/span><br \/>\n<\/strong><\/span><\/p>\n<p style=\"text-align: justify;\">T\u00e9l. :\u00a0 0971 58 68 78<br \/>\nCourriel : <a href=\"mailto:tarnegaroc@orange.fr\">tarnegaroc@orange.fr<\/a><\/p>\n<p style=\"text-align: justify;\"><a href=\"https:\/\/www.o-p-i.fr\/7alire\/auteurs-contemporains\/\"><strong><span style=\"color: #ff6600;\">Autriche et Pays d&rsquo;Oc<\/span><\/strong><\/a><\/p>\n<p style=\"text-align: justify;\">T\u00e9l. : 05 63 64 57 27 ou 06 71 00 29 25<br \/>\nCourriel : <a href=\"mailto:journalrobert@wanadoo.fr\">journalrobert@wanadoo.fr<\/a><\/p>\n","protected":false},"excerpt":{"rendered":"<div class=\"mh-excerpt\">Nous sommes \u00e0 la recherche de documents vid\u00e9o sur des manifestations que nous aimerions voir sur grand \u00e9cran : le mariage traditionnel qui a eu lieu pour les 20 ans du Revisc\u00f2l, la f\u00eate du <a class=\"mh-excerpt-more\" href=\"https:\/\/www.o-p-i.fr\/7alire\/occitanie\/avis-de-recherche\/\" title=\"Avis de recherche !\">[&#8230;]<\/a><\/div>\n","protected":false},"author":1,"featured_media":0,"comment_status":"open","ping_status":"open","sticky":false,"template":"","format":"standard","meta":{"_jetpack_memberships_contains_paid_content":false,"footnotes":"","_links_to":"","_links_to_target":""},"categories":[266,28,10,12],"tags":[261,387,3631,3632,386],"coauthors":[],"class_list":{"0":"post-2155","1":"post","2":"type-post","3":"status-publish","4":"format-standard","6":"category-activites-occitanes","7":"category-autriche_pays_oc","8":"category-occitanie","9":"category-tarn-e-garona-occitan","10":"tag-autriche-et-pays-doc","11":"tag-doumentaire","12":"tag-occitanie","13":"tag-tarn-e-garona-occitan","14":"tag-video"},"jetpack_featured_media_url":"","jetpack_sharing_enabled":true,"_links":{"self":[{"href":"https:\/\/www.o-p-i.fr\/7alire\/wp-json\/wp\/v2\/posts\/2155","targetHints":{"allow":["GET"]}}],"collection":[{"href":"https:\/\/www.o-p-i.fr\/7alire\/wp-json\/wp\/v2\/posts"}],"about":[{"href":"https:\/\/www.o-p-i.fr\/7alire\/wp-json\/wp\/v2\/types\/post"}],"author":[{"embeddable":true,"href":"https:\/\/www.o-p-i.fr\/7alire\/wp-json\/wp\/v2\/users\/1"}],"replies":[{"embeddable":true,"href":"https:\/\/www.o-p-i.fr\/7alire\/wp-json\/wp\/v2\/comments?post=2155"}],"version-history":[{"count":2,"href":"https:\/\/www.o-p-i.fr\/7alire\/wp-json\/wp\/v2\/posts\/2155\/revisions"}],"predecessor-version":[{"id":2158,"href":"https:\/\/www.o-p-i.fr\/7alire\/wp-json\/wp\/v2\/posts\/2155\/revisions\/2158"}],"wp:attachment":[{"href":"https:\/\/www.o-p-i.fr\/7alire\/wp-json\/wp\/v2\/media?parent=2155"}],"wp:term":[{"taxonomy":"category","embeddable":true,"href":"https:\/\/www.o-p-i.fr\/7alire\/wp-json\/wp\/v2\/categories?post=2155"},{"taxonomy":"post_tag","embeddable":true,"href":"https:\/\/www.o-p-i.fr\/7alire\/wp-json\/wp\/v2\/tags?post=2155"},{"taxonomy":"author","embeddable":true,"href":"https:\/\/www.o-p-i.fr\/7alire\/wp-json\/wp\/v2\/coauthors?post=2155"}],"curies":[{"name":"wp","href":"https:\/\/api.w.org\/{rel}","templated":true}]}}