{"id":21703,"date":"2020-09-18T12:04:49","date_gmt":"2020-09-18T10:04:49","guid":{"rendered":"https:\/\/www.o-p-i.fr\/7alire\/?p=21703"},"modified":"2020-09-18T12:04:49","modified_gmt":"2020-09-18T10:04:49","slug":"salon-du-livre-2021-a-requista-12-inscription","status":"publish","type":"post","link":"https:\/\/www.o-p-i.fr\/7alire\/salon\/salon-du-livre-2021-a-requista-12-inscription\/","title":{"rendered":"Salon du livre 2021  \u00e0 REQUISTA (12) inscription"},"content":{"rendered":"<p>REQUISTA 12170- F\u00caTE DE LA BREBIS<\/p>\n<p>SALON DU LIVRE 2021<\/p>\n<p>Nous avons eu le d\u00e9plaisir d\u2019annuler le salon du livre 2020 en raison de la crise sanitaire, esp\u00e9rons qu\u2019en Juin 2021 rien ne fera obstacle \u00e0 la r\u00e9alisation de ce salon du livre qu\u2019affectionnent les auteurs.<br \/>\nL\u2019association \u00ab F\u00eate de la brebis \u00bb vous invite au 18\u00e8me salon du livre qui se tiendra le dimanche 6 juin 2021 dans la salle situ\u00e9e dans la rue centrale, sous le cin\u00e9ma et en partie sous un chapiteau. \u00e0 R\u00e9quista. Savoir que la f\u00eate de la brebis du 1er dimanche de juin, am\u00e8ne chaque ann\u00e9e plus de 4000 visiteurs.<br \/>\nInscription 16 \u20ac donnant droit au repas, \u00e0 une table, au caf\u00e9 et fouace \u00e0 l\u2019arriv\u00e9e. ( table suppl\u00e9mentaire 3 \u20ac). Ch\u00e8que \u00e0 l\u2019ordre de F\u00eate de la brebis .<br \/>\nN\u2019attendez pas trop pour vous inscrire car le nombre de places est limit\u00e9 \u00e0 30 auteurs.<br \/>\nLe bulletin d\u2019inscription, le ch\u00e8que devront \u00eatre adress\u00e9s \u00e0\u00a0:<br \/>\nOffice de tourisme du R\u00e9quistanais 2b place Prosper Boissonnade 12170 R\u00e9quista<br \/>\n<span style=\"color: #ff0000;\">avant le 1er mai 2021<\/span><br \/>\nRenseignements aupr\u00e8s de l\u2019organisatrice Pierrette Champon-Chirac adresse mail <a href=\"mailto:croxibi@wanadoo.fr\" target=\"_blank\" rel=\"noopener noreferrer\">croxibi@wanadoo.fr<\/a> ou 05 65 67 39 53<br \/>\nou \u00e0 l\u2019Office de Tourisme au 05 65 46 11 79<br \/>\nLes dossiers incomplets ne seront pas pris en consid\u00e9ration ainsi que les r\u00e9siliations parvenues \u00e0 moins de 8 jours de la manifestation.<\/p>\n","protected":false},"excerpt":{"rendered":"<div class=\"mh-excerpt\">REQUISTA 12170- F\u00caTE DE LA BREBIS SALON DU LIVRE 2021 Nous avons eu le d\u00e9plaisir d\u2019annuler le salon du livre 2020 en raison de la crise sanitaire, esp\u00e9rons qu\u2019en Juin 2021 rien ne fera obstacle <a class=\"mh-excerpt-more\" href=\"https:\/\/www.o-p-i.fr\/7alire\/salon\/salon-du-livre-2021-a-requista-12-inscription\/\" title=\"Salon du livre 2021  \u00e0 REQUISTA (12) inscription\">[&#8230;]<\/a><\/div>\n","protected":false},"author":4,"featured_media":0,"comment_status":"open","ping_status":"open","sticky":false,"template":"","format":"standard","meta":{"_jetpack_memberships_contains_paid_content":false,"footnotes":"","_links_to":"","_links_to_target":""},"categories":[4719],"tags":[2841,3026,104,9],"coauthors":[],"class_list":{"0":"post-21703","1":"post","2":"type-post","3":"status-publish","4":"format-standard","6":"category-salon","7":"tag-fete-de-la-brebis","8":"tag-inscription","9":"tag-requista","10":"tag-salon-du-livre"},"jetpack_featured_media_url":"","jetpack_sharing_enabled":true,"_links":{"self":[{"href":"https:\/\/www.o-p-i.fr\/7alire\/wp-json\/wp\/v2\/posts\/21703","targetHints":{"allow":["GET"]}}],"collection":[{"href":"https:\/\/www.o-p-i.fr\/7alire\/wp-json\/wp\/v2\/posts"}],"about":[{"href":"https:\/\/www.o-p-i.fr\/7alire\/wp-json\/wp\/v2\/types\/post"}],"author":[{"embeddable":true,"href":"https:\/\/www.o-p-i.fr\/7alire\/wp-json\/wp\/v2\/users\/4"}],"replies":[{"embeddable":true,"href":"https:\/\/www.o-p-i.fr\/7alire\/wp-json\/wp\/v2\/comments?post=21703"}],"version-history":[{"count":1,"href":"https:\/\/www.o-p-i.fr\/7alire\/wp-json\/wp\/v2\/posts\/21703\/revisions"}],"predecessor-version":[{"id":21704,"href":"https:\/\/www.o-p-i.fr\/7alire\/wp-json\/wp\/v2\/posts\/21703\/revisions\/21704"}],"wp:attachment":[{"href":"https:\/\/www.o-p-i.fr\/7alire\/wp-json\/wp\/v2\/media?parent=21703"}],"wp:term":[{"taxonomy":"category","embeddable":true,"href":"https:\/\/www.o-p-i.fr\/7alire\/wp-json\/wp\/v2\/categories?post=21703"},{"taxonomy":"post_tag","embeddable":true,"href":"https:\/\/www.o-p-i.fr\/7alire\/wp-json\/wp\/v2\/tags?post=21703"},{"taxonomy":"author","embeddable":true,"href":"https:\/\/www.o-p-i.fr\/7alire\/wp-json\/wp\/v2\/coauthors?post=21703"}],"curies":[{"name":"wp","href":"https:\/\/api.w.org\/{rel}","templated":true}]}}