{"id":21777,"date":"2020-10-14T09:58:13","date_gmt":"2020-10-14T07:58:13","guid":{"rendered":"https:\/\/www.o-p-i.fr\/7alire\/?p=21777"},"modified":"2020-10-14T10:04:00","modified_gmt":"2020-10-14T08:04:00","slug":"eviction-intime-de-frederic-champsiaux","status":"publish","type":"post","link":"https:\/\/www.o-p-i.fr\/7alire\/genre\/roman\/eviction-intime-de-frederic-champsiaux\/","title":{"rendered":"\u00ab\u00a0Eviction intime\u00a0\u00bb de Fr\u00e9d\u00e9ric CHAMPSIAUX"},"content":{"rendered":"<p><a href=\"https:\/\/www.o-p-i.fr\/7alire\/wp-content\/uploads\/Eviction-intime.jpg\"><img loading=\"lazy\" decoding=\"async\" class=\"alignleft size-full wp-image-21778\" src=\"https:\/\/www.o-p-i.fr\/7alire\/wp-content\/uploads\/Eviction-intime.jpg\" alt=\"\" width=\"340\" height=\"340\" srcset=\"https:\/\/www.o-p-i.fr\/7alire\/wp-content\/uploads\/Eviction-intime.jpg 340w, https:\/\/www.o-p-i.fr\/7alire\/wp-content\/uploads\/Eviction-intime-150x150.jpg 150w, https:\/\/www.o-p-i.fr\/7alire\/wp-content\/uploads\/Eviction-intime-300x300.jpg 300w\" sizes=\"auto, (max-width: 340px) 100vw, 340px\" \/><\/a>Un jour, un enfant dispara\u00eet. Et cet enfant devra faire face au v\u00e9cu de l&rsquo;enfermement. Survivra-t-il \u00e0 cette \u00e9preuve ? &#8230; Son psychisme en sera-t-il affect\u00e9 ? &#8230;<\/p>\n<p>Auteur: FREDERIC CHAMPSIAUX<\/p>\n<p>Editeur: Auto-\u00c9dition<\/p>\n<p>Date de parution: juillet 2020<\/p>\n<p>EAN: 123-0004036296<\/p>\n<p>ISBN: 1230004036296<\/p>\n","protected":false},"excerpt":{"rendered":"<div class=\"mh-excerpt\">Un jour, un enfant dispara\u00eet. Et cet enfant devra faire face au v\u00e9cu de l&rsquo;enfermement. Survivra-t-il \u00e0 cette \u00e9preuve ? &#8230; Son psychisme en sera-t-il affect\u00e9 ? &#8230; Auteur: FREDERIC CHAMPSIAUX Editeur: Auto-\u00c9dition Date de <a class=\"mh-excerpt-more\" href=\"https:\/\/www.o-p-i.fr\/7alire\/genre\/roman\/eviction-intime-de-frederic-champsiaux\/\" title=\"\u00ab\u00a0Eviction intime\u00a0\u00bb de Fr\u00e9d\u00e9ric CHAMPSIAUX\">[&#8230;]<\/a><\/div>\n","protected":false},"author":4,"featured_media":0,"comment_status":"open","ping_status":"open","sticky":false,"template":"","format":"standard","meta":{"_jetpack_memberships_contains_paid_content":false,"footnotes":"","_links_to":"","_links_to_target":""},"categories":[5194,79],"tags":[5193,5195,3641],"coauthors":[],"class_list":{"0":"post-21777","1":"post","2":"type-post","3":"status-publish","4":"format-standard","6":"category-champsiaux-frederic","7":"category-roman","8":"tag-enfermement","9":"tag-frederic-champsiaux","10":"tag-roman"},"jetpack_featured_media_url":"","jetpack_sharing_enabled":true,"_links":{"self":[{"href":"https:\/\/www.o-p-i.fr\/7alire\/wp-json\/wp\/v2\/posts\/21777","targetHints":{"allow":["GET"]}}],"collection":[{"href":"https:\/\/www.o-p-i.fr\/7alire\/wp-json\/wp\/v2\/posts"}],"about":[{"href":"https:\/\/www.o-p-i.fr\/7alire\/wp-json\/wp\/v2\/types\/post"}],"author":[{"embeddable":true,"href":"https:\/\/www.o-p-i.fr\/7alire\/wp-json\/wp\/v2\/users\/4"}],"replies":[{"embeddable":true,"href":"https:\/\/www.o-p-i.fr\/7alire\/wp-json\/wp\/v2\/comments?post=21777"}],"version-history":[{"count":1,"href":"https:\/\/www.o-p-i.fr\/7alire\/wp-json\/wp\/v2\/posts\/21777\/revisions"}],"predecessor-version":[{"id":21779,"href":"https:\/\/www.o-p-i.fr\/7alire\/wp-json\/wp\/v2\/posts\/21777\/revisions\/21779"}],"wp:attachment":[{"href":"https:\/\/www.o-p-i.fr\/7alire\/wp-json\/wp\/v2\/media?parent=21777"}],"wp:term":[{"taxonomy":"category","embeddable":true,"href":"https:\/\/www.o-p-i.fr\/7alire\/wp-json\/wp\/v2\/categories?post=21777"},{"taxonomy":"post_tag","embeddable":true,"href":"https:\/\/www.o-p-i.fr\/7alire\/wp-json\/wp\/v2\/tags?post=21777"},{"taxonomy":"author","embeddable":true,"href":"https:\/\/www.o-p-i.fr\/7alire\/wp-json\/wp\/v2\/coauthors?post=21777"}],"curies":[{"name":"wp","href":"https:\/\/api.w.org\/{rel}","templated":true}]}}