{"id":21852,"date":"2021-01-13T14:59:23","date_gmt":"2021-01-13T12:59:23","guid":{"rendered":"https:\/\/www.o-p-i.fr\/7alire\/?p=21852"},"modified":"2021-02-24T16:33:33","modified_gmt":"2021-02-24T14:33:33","slug":"lame-en-vrac-de-anne-lasserre-vergne","status":"publish","type":"post","link":"https:\/\/www.o-p-i.fr\/7alire\/non-classe\/lame-en-vrac-de-anne-lasserre-vergne\/","title":{"rendered":"\u00ab\u00a0L&rsquo;\u00e2me en vrac\u00a0\u00bb de Anne LASSERRE VERGNE"},"content":{"rendered":"<figure id=\"attachment_21859\" aria-describedby=\"caption-attachment-21859\" style=\"width: 425px\" class=\"wp-caption alignleft\"><a href=\"https:\/\/www.o-p-i.fr\/7alire\/wp-content\/uploads\/L\u00e2me-en-vrac.jpg\"><img loading=\"lazy\" decoding=\"async\" class=\"wp-image-21859 size-full\" src=\"https:\/\/www.o-p-i.fr\/7alire\/wp-content\/uploads\/L\u00e2me-en-vrac.jpg\" alt=\"\" width=\"425\" height=\"625\" srcset=\"https:\/\/www.o-p-i.fr\/7alire\/wp-content\/uploads\/L\u00e2me-en-vrac.jpg 425w, https:\/\/www.o-p-i.fr\/7alire\/wp-content\/uploads\/L\u00e2me-en-vrac-204x300.jpg 204w\" sizes=\"auto, (max-width: 425px) 100vw, 425px\" \/><\/a><figcaption id=\"caption-attachment-21859\" class=\"wp-caption-text\">L&rsquo;\u00c2me en Vrac<\/figcaption><\/figure>\n<p>L\u2019\u00c2ME EN VRAC<br \/>\nJocelyn, Melba, El\u00e9a, Jonathan, \u0152dipe et Antigone, Lucas, Olivia, Doroth\u00e9e, Marjolaine&#8230;, ont l\u2019\u00e2me en vrac. Ils s\u2019interrogent sur leur enfance, la libert\u00e9, l\u2019amiti\u00e9, l\u2019ego, le monde id\u00e9al, la solitude, la maladie, la mort, la soci\u00e9t\u00e9, la communication, le destin&#8230; Se posent-ils les bonnes questions ? Suffit-il de larguer les amarres pour surfer sur le vent de la libert\u00e9 ? De nier la r\u00e9alit\u00e9 pour qu\u2019elle n\u2019existe plus ? De se punir pour effacer le pass\u00e9 ? De crier au catastrophisme pour changer le monde ? De satisfaire l\u2019ego pour \u00eatre ?<\/p>\n<p>Date de parution 23\/04\/2020<br \/>\nEditeur Lucane ISBN 979-10-91166-19-5 EAN 9791091166195<br \/>\nGrand Format Pr\u00e9sentation Dos carr\u00e9 coll\u00e9 Nb. de pages 125 pages Poids 0.2 Kg Dimensions 14,5 cm \u00d7 21,0 cm \u00d7 1,3 cm<\/p>\n","protected":false},"excerpt":{"rendered":"<div class=\"mh-excerpt\">L\u2019\u00c2ME EN VRAC Jocelyn, Melba, El\u00e9a, Jonathan, \u0152dipe et Antigone, Lucas, Olivia, Doroth\u00e9e, Marjolaine&#8230;, ont l\u2019\u00e2me en vrac. Ils s\u2019interrogent sur leur enfance, la libert\u00e9, l\u2019amiti\u00e9, l\u2019ego, le monde id\u00e9al, la solitude, la maladie, la <a class=\"mh-excerpt-more\" href=\"https:\/\/www.o-p-i.fr\/7alire\/non-classe\/lame-en-vrac-de-anne-lasserre-vergne\/\" title=\"\u00ab\u00a0L&rsquo;\u00e2me en vrac\u00a0\u00bb de Anne LASSERRE VERGNE\">[&#8230;]<\/a><\/div>\n","protected":false},"author":4,"featured_media":0,"comment_status":"open","ping_status":"open","sticky":false,"template":"","format":"standard","meta":{"_jetpack_memberships_contains_paid_content":false,"footnotes":"","_links_to":"","_links_to_target":""},"categories":[4000,1,79],"tags":[5213,504,944,5214],"coauthors":[],"class_list":{"0":"post-21852","1":"post","2":"type-post","3":"status-publish","4":"format-standard","6":"category-lasserre-vergne-anne","7":"category-non-classe","8":"category-roman","9":"tag-ego","10":"tag-enfance","11":"tag-liberte","12":"tag-monde-ideal"},"jetpack_featured_media_url":"","jetpack_sharing_enabled":true,"_links":{"self":[{"href":"https:\/\/www.o-p-i.fr\/7alire\/wp-json\/wp\/v2\/posts\/21852","targetHints":{"allow":["GET"]}}],"collection":[{"href":"https:\/\/www.o-p-i.fr\/7alire\/wp-json\/wp\/v2\/posts"}],"about":[{"href":"https:\/\/www.o-p-i.fr\/7alire\/wp-json\/wp\/v2\/types\/post"}],"author":[{"embeddable":true,"href":"https:\/\/www.o-p-i.fr\/7alire\/wp-json\/wp\/v2\/users\/4"}],"replies":[{"embeddable":true,"href":"https:\/\/www.o-p-i.fr\/7alire\/wp-json\/wp\/v2\/comments?post=21852"}],"version-history":[{"count":4,"href":"https:\/\/www.o-p-i.fr\/7alire\/wp-json\/wp\/v2\/posts\/21852\/revisions"}],"predecessor-version":[{"id":21886,"href":"https:\/\/www.o-p-i.fr\/7alire\/wp-json\/wp\/v2\/posts\/21852\/revisions\/21886"}],"wp:attachment":[{"href":"https:\/\/www.o-p-i.fr\/7alire\/wp-json\/wp\/v2\/media?parent=21852"}],"wp:term":[{"taxonomy":"category","embeddable":true,"href":"https:\/\/www.o-p-i.fr\/7alire\/wp-json\/wp\/v2\/categories?post=21852"},{"taxonomy":"post_tag","embeddable":true,"href":"https:\/\/www.o-p-i.fr\/7alire\/wp-json\/wp\/v2\/tags?post=21852"},{"taxonomy":"author","embeddable":true,"href":"https:\/\/www.o-p-i.fr\/7alire\/wp-json\/wp\/v2\/coauthors?post=21852"}],"curies":[{"name":"wp","href":"https:\/\/api.w.org\/{rel}","templated":true}]}}