{"id":22173,"date":"2021-07-30T15:11:39","date_gmt":"2021-07-30T13:11:39","guid":{"rendered":"https:\/\/www.o-p-i.fr\/7alire\/?p=22173"},"modified":"2022-02-06T19:16:11","modified_gmt":"2022-02-06T17:16:11","slug":"darios-michel-bio-bibliographie","status":"publish","type":"post","link":"https:\/\/www.o-p-i.fr\/7alire\/auteurs-contemporains\/biographie\/darios-michel-bio-bibliographie\/","title":{"rendered":"DARIOS Michel bio-bibliographie"},"content":{"rendered":"<figure id=\"attachment_22174\" aria-describedby=\"caption-attachment-22174\" style=\"width: 425px\" class=\"wp-caption alignleft\"><a href=\"https:\/\/www.o-p-i.fr\/7alire\/wp-content\/uploads\/DARIOS.jpg\"><img loading=\"lazy\" decoding=\"async\" class=\"wp-image-22174\" src=\"https:\/\/www.o-p-i.fr\/7alire\/wp-content\/uploads\/DARIOS.jpg\" alt=\"\" width=\"425\" height=\"414\" srcset=\"https:\/\/www.o-p-i.fr\/7alire\/wp-content\/uploads\/DARIOS.jpg 340w, https:\/\/www.o-p-i.fr\/7alire\/wp-content\/uploads\/DARIOS-300x292.jpg 300w, https:\/\/www.o-p-i.fr\/7alire\/wp-content\/uploads\/DARIOS-150x146.jpg 150w, https:\/\/www.o-p-i.fr\/7alire\/wp-content\/uploads\/DARIOS-100x97.jpg 100w\" sizes=\"auto, (max-width: 425px) 100vw, 425px\" \/><\/a><figcaption id=\"caption-attachment-22174\" class=\"wp-caption-text\">DARIOS Michel<\/figcaption><\/figure>\n<p>Michel DARIOS est n\u00e9 \u00e0 Montdurausse le 22 janvier 1956.<br \/>\nIl a fr\u00e9quent\u00e9 l\u2019\u00e9cole communale de Saint Urcisse puis est parti faire ses \u00e9tudes secondaires \u00e0 Montauban.<\/p>\n<p>Profond\u00e9ment attach\u00e9 \u00e0 sa terre natale il a eu l\u2019id\u00e9e de consigner sur un cahier d\u2019\u00e9colier ses souvenirs d\u2019enfance \u00e0 l\u2019intention de ses petits enfants afin de l\u2019aider \u00e0 favoriser son r\u00f4le de \u00ab passeur \u00bb comme tout grand-parent. Ce cahier devait \u00eatre \u00ab oubli\u00e9 \u00bb pour \u00eatre retrouv\u00e9 plus tard par les destinataires au hasard d\u2019explorations dans les greniers ou les armoires. Ecrit vers les ann\u00e9es 2009\/2010, il a \u00e9t\u00e9 \u00e9vent\u00e9 avant l\u2019heure et les lecteurs pr\u00e9matur\u00e9s ont trouv\u00e9 \u00e0 cet ouvrage un int\u00e9r\u00eat qui leur semblait d\u00e9passer le cadre de l\u2019intimit\u00e9 familiale, ce qui a pouss\u00e9 l\u2019auteur \u00e0 envisager une publication \u00e0 l\u2019automne 2020.<br \/>\nMichel DARIOS aujourd\u2019hui \u00e0 la retraite apr\u00e8s une carri\u00e8re d\u2019expert-comptable \u00e0 Montauban a fait restaurer sa ferme natale o\u00f9 il a am\u00e9nag\u00e9 dans l\u2019ancienne \u00e9table un petit mus\u00e9e regroupant les \u0153uvres de son p\u00e8re, le \u00ab\u00a0paysan sculpteur\u00a0\u00bb Pierre DARIOS.<\/p>\n<p>&nbsp;<\/p>\n<p>Contact\u00a0:<br \/>\n<a href=\"mailto:michel.darios@outlook.fr\" target=\"_blank\" rel=\"noopener noreferrer\">michel.darios@outlook.fr<\/a><br \/>\n06 82 81 56 83<\/p>\n<ul>\n<li><a href=\"https:\/\/www.o-p-i.fr\/7alire\/auteurs-contemporains\/biographie\/mes-souvenirs-denfance-de-michel-darios\/\" target=\"_blank\" rel=\"noopener noreferrer\">\u00ab\u00a0Mes Souvenirs d&rsquo;Enfance\u00a0\u00bb<\/a><\/li>\n<\/ul>\n","protected":false},"excerpt":{"rendered":"<div class=\"mh-excerpt\">Michel DARIOS est n\u00e9 \u00e0 Montdurausse le 22 janvier 1956. Il a fr\u00e9quent\u00e9 l\u2019\u00e9cole communale de Saint Urcisse puis est parti faire ses \u00e9tudes secondaires \u00e0 Montauban. Profond\u00e9ment attach\u00e9 \u00e0 sa terre natale il a <a class=\"mh-excerpt-more\" href=\"https:\/\/www.o-p-i.fr\/7alire\/auteurs-contemporains\/biographie\/darios-michel-bio-bibliographie\/\" title=\"DARIOS Michel bio-bibliographie\">[&#8230;]<\/a><\/div>\n","protected":false},"author":4,"featured_media":0,"comment_status":"open","ping_status":"open","sticky":false,"template":"","format":"standard","meta":{"_jetpack_memberships_contains_paid_content":false,"footnotes":"","_links_to":"","_links_to_target":""},"categories":[5239,5],"tags":[3629,5240,5241],"coauthors":[],"class_list":{"0":"post-22173","1":"post","2":"type-post","3":"status-publish","4":"format-standard","6":"category-darios-michel","7":"category-biographie","8":"tag-biographie","9":"tag-darios-michel","10":"tag-souvenirs-denfance"},"jetpack_featured_media_url":"","jetpack_sharing_enabled":true,"_links":{"self":[{"href":"https:\/\/www.o-p-i.fr\/7alire\/wp-json\/wp\/v2\/posts\/22173","targetHints":{"allow":["GET"]}}],"collection":[{"href":"https:\/\/www.o-p-i.fr\/7alire\/wp-json\/wp\/v2\/posts"}],"about":[{"href":"https:\/\/www.o-p-i.fr\/7alire\/wp-json\/wp\/v2\/types\/post"}],"author":[{"embeddable":true,"href":"https:\/\/www.o-p-i.fr\/7alire\/wp-json\/wp\/v2\/users\/4"}],"replies":[{"embeddable":true,"href":"https:\/\/www.o-p-i.fr\/7alire\/wp-json\/wp\/v2\/comments?post=22173"}],"version-history":[{"count":4,"href":"https:\/\/www.o-p-i.fr\/7alire\/wp-json\/wp\/v2\/posts\/22173\/revisions"}],"predecessor-version":[{"id":22551,"href":"https:\/\/www.o-p-i.fr\/7alire\/wp-json\/wp\/v2\/posts\/22173\/revisions\/22551"}],"wp:attachment":[{"href":"https:\/\/www.o-p-i.fr\/7alire\/wp-json\/wp\/v2\/media?parent=22173"}],"wp:term":[{"taxonomy":"category","embeddable":true,"href":"https:\/\/www.o-p-i.fr\/7alire\/wp-json\/wp\/v2\/categories?post=22173"},{"taxonomy":"post_tag","embeddable":true,"href":"https:\/\/www.o-p-i.fr\/7alire\/wp-json\/wp\/v2\/tags?post=22173"},{"taxonomy":"author","embeddable":true,"href":"https:\/\/www.o-p-i.fr\/7alire\/wp-json\/wp\/v2\/coauthors?post=22173"}],"curies":[{"name":"wp","href":"https:\/\/api.w.org\/{rel}","templated":true}]}}