{"id":23539,"date":"2024-02-07T12:22:36","date_gmt":"2024-02-07T10:22:36","guid":{"rendered":"https:\/\/www.o-p-i.fr\/7alire\/?p=23539"},"modified":"2024-02-10T20:40:11","modified_gmt":"2024-02-10T18:40:11","slug":"ploquin-philippe-biographie-bibliographie","status":"publish","type":"post","link":"https:\/\/www.o-p-i.fr\/7alire\/ploquin-philippe-2\/ploquin-philippe-biographie-bibliographie\/","title":{"rendered":"PLOQUIN Philippe, biographie, bibliographie"},"content":{"rendered":"<p align=\"CENTER\"><span style=\"font-family: Bookman, Bookman Old Style;\"><span style=\"font-size: large;\"><b><a href=\"https:\/\/www.o-p-i.fr\/7alire\/wp-content\/uploads\/PLOQUIN-Phil.-2..jpg\"><img loading=\"lazy\" decoding=\"async\" class=\"alignleft size-full wp-image-23547\" src=\"https:\/\/www.o-p-i.fr\/7alire\/wp-content\/uploads\/PLOQUIN-Phil.-2..jpg\" alt=\"\" width=\"425\" height=\"413\" srcset=\"https:\/\/www.o-p-i.fr\/7alire\/wp-content\/uploads\/PLOQUIN-Phil.-2..jpg 425w, https:\/\/www.o-p-i.fr\/7alire\/wp-content\/uploads\/PLOQUIN-Phil.-2.-300x292.jpg 300w, https:\/\/www.o-p-i.fr\/7alire\/wp-content\/uploads\/PLOQUIN-Phil.-2.-400x389.jpg 400w, https:\/\/www.o-p-i.fr\/7alire\/wp-content\/uploads\/PLOQUIN-Phil.-2.-150x146.jpg 150w, https:\/\/www.o-p-i.fr\/7alire\/wp-content\/uploads\/PLOQUIN-Phil.-2.-100x97.jpg 100w\" sizes=\"auto, (max-width: 425px) 100vw, 425px\" \/><\/a>Philippe PLOQUIN<\/b><\/span><\/span><\/p>\n<p>N\u00e9 le 11 mai 1950<\/p>\n<p>Mari\u00e9, p\u00e8re de 2 enfants (une fille et un gar\u00e7on)<\/p>\n<p><span style=\"color: #800000;\"><span style=\"font-size: large;\"><b>M\u00e9daille du Tourisme 2013 pour le livre \u00ab\u00a0Tr\u00e9sors Gourmands\u00a0\u00bb<\/b><\/span><\/span><\/p>\n<h3 class=\"western\">DIPL\u00d4MES\u00a0: \u00c9tudes techniques<\/h3>\n<p>Bac de dessinateur industriel sp\u00e9cialis\u00e9 en carrosserie automobile<\/p>\n<h3 class=\"western\">Parcours<\/h3>\n<p><b>1977 \u00e0 2000<\/b>\u00a0: Grand reporter ind\u00e9pendant en collaboration avec les magazines V.S.D., FIGARO MAGAZINE, PARIS-MATCH, G\u00c9O, GRANDS REPORTAGES, CHEVAL MAGAZINE, EQUUS, etc.<\/p>\n<p><b>Depuis 1990<\/b>\u00a0: R\u00e9alisation d\u2019une quarantaine de livres sur la France et l&rsquo;\u00e9tranger (Arts, pays, r\u00e9gions, architecture, faune et flore, gastronomie, tourisme)\u00a0;<\/p>\n<p><u><b>2016<\/b><\/u><u>\u00a0: Cr\u00e9ateur et directeur de la cha\u00eene Youtube <\/u><u><b>\u00ab\u00a0Escapades et D\u00e9couvertes TV \u2013 Accords Mets et Vins \u00bb<\/b><\/u><u>\u00a0<\/u><\/p>\n<ul>\n<li><span style=\"color: #0000cc;\"><b>Membre d&rsquo;honneur de l&rsquo;Ordre Culinaire International\u00a0;<\/b><\/span><\/li>\n<li><span style=\"color: #0000cc;\"><b>Membre d&rsquo;honneur et ambassadeur pour la presse gastronomique de Best Of Gastronomie\u00a0;<\/b><\/span><\/li>\n<li><span style=\"color: #0000cc;\"><b>Membre de la confr\u00e9rie du Grand Ordre des Capitouls de l&rsquo;Oie et Tastevins Saint Jean des Vignes\u00a0; <\/b><\/span><\/li>\n<li><span style=\"color: #0000cc;\"><b>Membre de la confr\u00e9rie du Gras Capou\u00a0;<\/b><\/span><\/li>\n<\/ul>\n<ul>\n<li><span style=\"color: #0000cc;\"><b>Membre de la confr\u00e9rie des Vins des Coteaux du Sud-Ouest\u00a0;<\/b><\/span><\/li>\n<li><span style=\"color: #0000cc;\"><b>Membre de la confr\u00e9rie des Tastos Mounjeto du Comminge\u00a0;<\/b><\/span><\/li>\n<li><span style=\"color: #0000cc;\"><b>Membre de la Confr\u00e9rie Populaire et Gourmande du Veau Fermier Commingeois\u00a0;<\/b><\/span><\/li>\n<li><span style=\"color: #0000cc;\"><b>Membre de la confr\u00e9rie de la Carotte de Blagnac\u00a0;<\/b><\/span><\/li>\n<\/ul>\n<h4 class=\"western\">centres d\u2019int\u00c9r\u00eat<\/h4>\n<p>\u2022 Les arts en g\u00e9n\u00e9ral (peinture, sculpture, musique, cin\u00e9ma\u2026)<\/p>\n<p>\u2022 La gastronomie (cuisines et vins du monde)<\/p>\n<p>\u2022 La faune sauvage et domestique<\/p>\n<p>\u2022 Les voyages, les pays et les peuples<\/p>\n<p>\u2022 La g\u00e9opolitique<\/p>\n<p><a href=\"https:\/\/www.o-p-i.fr\/7alire\/wp-content\/uploads\/PLOQUIN-Phil.jpg\"><img loading=\"lazy\" decoding=\"async\" class=\"aligncenter size-full wp-image-23540\" src=\"https:\/\/www.o-p-i.fr\/7alire\/wp-content\/uploads\/PLOQUIN-Phil.jpg\" alt=\"\" width=\"624\" height=\"359\" srcset=\"https:\/\/www.o-p-i.fr\/7alire\/wp-content\/uploads\/PLOQUIN-Phil.jpg 624w, https:\/\/www.o-p-i.fr\/7alire\/wp-content\/uploads\/PLOQUIN-Phil-300x173.jpg 300w, https:\/\/www.o-p-i.fr\/7alire\/wp-content\/uploads\/PLOQUIN-Phil-400x230.jpg 400w, https:\/\/www.o-p-i.fr\/7alire\/wp-content\/uploads\/PLOQUIN-Phil-430x247.jpg 430w, https:\/\/www.o-p-i.fr\/7alire\/wp-content\/uploads\/PLOQUIN-Phil-150x86.jpg 150w, https:\/\/www.o-p-i.fr\/7alire\/wp-content\/uploads\/PLOQUIN-Phil-100x58.jpg 100w\" sizes=\"auto, (max-width: 624px) 100vw, 624px\" \/><\/a><\/p>\n","protected":false},"excerpt":{"rendered":"<div class=\"mh-excerpt\">Philippe PLOQUIN N\u00e9 le 11 mai 1950 Mari\u00e9, p\u00e8re de 2 enfants (une fille et un gar\u00e7on) M\u00e9daille du Tourisme 2013 pour le livre \u00ab\u00a0Tr\u00e9sors Gourmands\u00a0\u00bb DIPL\u00d4MES\u00a0: \u00c9tudes techniques Bac de dessinateur industriel sp\u00e9cialis\u00e9 en <a class=\"mh-excerpt-more\" href=\"https:\/\/www.o-p-i.fr\/7alire\/ploquin-philippe-2\/ploquin-philippe-biographie-bibliographie\/\" title=\"PLOQUIN Philippe, biographie, bibliographie\">[&#8230;]<\/a><\/div>\n","protected":false},"author":4,"featured_media":0,"comment_status":"open","ping_status":"open","sticky":false,"template":"","format":"standard","meta":{"_jetpack_memberships_contains_paid_content":false,"footnotes":"","_links_to":"","_links_to_target":""},"categories":[5423],"tags":[3638],"coauthors":[],"class_list":{"0":"post-23539","1":"post","2":"type-post","3":"status-publish","4":"format-standard","6":"category-ploquin-philippe-2","7":"tag-cuisine"},"jetpack_featured_media_url":"","jetpack_sharing_enabled":true,"_links":{"self":[{"href":"https:\/\/www.o-p-i.fr\/7alire\/wp-json\/wp\/v2\/posts\/23539","targetHints":{"allow":["GET"]}}],"collection":[{"href":"https:\/\/www.o-p-i.fr\/7alire\/wp-json\/wp\/v2\/posts"}],"about":[{"href":"https:\/\/www.o-p-i.fr\/7alire\/wp-json\/wp\/v2\/types\/post"}],"author":[{"embeddable":true,"href":"https:\/\/www.o-p-i.fr\/7alire\/wp-json\/wp\/v2\/users\/4"}],"replies":[{"embeddable":true,"href":"https:\/\/www.o-p-i.fr\/7alire\/wp-json\/wp\/v2\/comments?post=23539"}],"version-history":[{"count":3,"href":"https:\/\/www.o-p-i.fr\/7alire\/wp-json\/wp\/v2\/posts\/23539\/revisions"}],"predecessor-version":[{"id":23549,"href":"https:\/\/www.o-p-i.fr\/7alire\/wp-json\/wp\/v2\/posts\/23539\/revisions\/23549"}],"wp:attachment":[{"href":"https:\/\/www.o-p-i.fr\/7alire\/wp-json\/wp\/v2\/media?parent=23539"}],"wp:term":[{"taxonomy":"category","embeddable":true,"href":"https:\/\/www.o-p-i.fr\/7alire\/wp-json\/wp\/v2\/categories?post=23539"},{"taxonomy":"post_tag","embeddable":true,"href":"https:\/\/www.o-p-i.fr\/7alire\/wp-json\/wp\/v2\/tags?post=23539"},{"taxonomy":"author","embeddable":true,"href":"https:\/\/www.o-p-i.fr\/7alire\/wp-json\/wp\/v2\/coauthors?post=23539"}],"curies":[{"name":"wp","href":"https:\/\/api.w.org\/{rel}","templated":true}]}}