{"id":2898,"date":"2010-03-26T16:39:08","date_gmt":"2010-03-26T14:39:08","guid":{"rendered":"\/7alire\/?p=2898"},"modified":"2010-04-09T01:42:30","modified_gmt":"2010-04-08T23:42:30","slug":"les-contes-de-lou-2","status":"publish","type":"post","link":"https:\/\/www.o-p-i.fr\/7alire\/7-a-lire-actu\/7-a-lire-pour-les-enfants\/les-contes-de-lou-2\/","title":{"rendered":"Les Contes de Lou"},"content":{"rendered":"<figure id=\"attachment_2899\" aria-describedby=\"caption-attachment-2899\" style=\"width: 200px\" class=\"wp-caption alignleft\"><img loading=\"lazy\" decoding=\"async\" class=\"size-full wp-image-2899\" title=\"Les Contes de Lou\" src=\"https:\/\/www.o-p-i.fr\/7alire\/wp-content\/uploads\/contes_lou2.jpg\" alt=\"Les Contes de Lou\" width=\"200\" height=\"297\" \/><figcaption id=\"caption-attachment-2899\" class=\"wp-caption-text\">Les Contes de Lou<\/figcaption><\/figure>\n<p style=\"text-align: justify;\">Petit Loup peut-il tomber amoureux ?<\/p>\n<p style=\"text-align: justify;\">Fluc va-t-il oser partir de chez lui ?<\/p>\n<p style=\"text-align: justify;\">Qui va croiser la route de Baln\u00e9o, le petit sanglier de la for\u00eat de Bouconne ?<\/p>\n<p style=\"text-align: justify;\">Et Fraesia la marmotte dans tout \u00e7a ?<\/p>\n<p style=\"text-align: justify;\">Quels dangers la guettent ?<\/p>\n<p style=\"text-align: justify;\">D\u00e9couvrez les nouvelles aventures des Contes de Lou : Petits pas vers le destin.<\/p>\n<p style=\"text-align: justify;\">\n<p style=\"text-align: justify;\"><span style=\"color: #ff00ff;\">Coup de c\u0153ur<\/span> : \u00ab\u00a0<em> J&rsquo;ai d\u00e9couvert Colette lors d&rsquo;un entretien accord\u00e9 pour le Petit Journal \u00e0 la sortie de son deuxi\u00e8me roman.<br \/>\nA l&rsquo;\u00e9vocation de son parcours de vie, elle a abord\u00e9 les contes qu&rsquo;elle racontait \u00e0 ses enfants. Aujourd&rsquo;hui, je vous invite \u00e0 d\u00e9couvrir Les Contes de Lou Tome 1 et Tome 2, o\u00f9 elle nous offre cet univers imaginaire plein d&rsquo;humanit\u00e9 et de le\u00e7ons de vie. Continuons \u00e0 la suivre pour notre plus grand plaisir<\/em> \u00a0\u00bb Agn\u00e8s M.<\/p>\n","protected":false},"excerpt":{"rendered":"<div class=\"mh-excerpt\">Petit Loup peut-il tomber amoureux ? Fluc va-t-il oser partir de chez lui ? Qui va croiser la route de Baln\u00e9o, le petit sanglier de la for\u00eat de Bouconne ? Et Fraesia la marmotte dans <a class=\"mh-excerpt-more\" href=\"https:\/\/www.o-p-i.fr\/7alire\/7-a-lire-actu\/7-a-lire-pour-les-enfants\/les-contes-de-lou-2\/\" title=\"Les Contes de Lou\">[&#8230;]<\/a><\/div>\n","protected":false},"author":2,"featured_media":0,"comment_status":"open","ping_status":"open","sticky":false,"template":"","format":"standard","meta":{"_jetpack_memberships_contains_paid_content":false,"footnotes":"","_links_to":"","_links_to_target":""},"categories":[115,66,77],"tags":[116,119],"coauthors":[],"class_list":{"0":"post-2898","1":"post","2":"type-post","3":"status-publish","4":"format-standard","6":"category--delpon-colette","7":"category-7-a-lire-pour-les-enfants","8":"category-conte","9":"tag-colette-delpon","10":"tag-enfant"},"jetpack_featured_media_url":"","jetpack_sharing_enabled":true,"_links":{"self":[{"href":"https:\/\/www.o-p-i.fr\/7alire\/wp-json\/wp\/v2\/posts\/2898","targetHints":{"allow":["GET"]}}],"collection":[{"href":"https:\/\/www.o-p-i.fr\/7alire\/wp-json\/wp\/v2\/posts"}],"about":[{"href":"https:\/\/www.o-p-i.fr\/7alire\/wp-json\/wp\/v2\/types\/post"}],"author":[{"embeddable":true,"href":"https:\/\/www.o-p-i.fr\/7alire\/wp-json\/wp\/v2\/users\/2"}],"replies":[{"embeddable":true,"href":"https:\/\/www.o-p-i.fr\/7alire\/wp-json\/wp\/v2\/comments?post=2898"}],"version-history":[{"count":3,"href":"https:\/\/www.o-p-i.fr\/7alire\/wp-json\/wp\/v2\/posts\/2898\/revisions"}],"predecessor-version":[{"id":3047,"href":"https:\/\/www.o-p-i.fr\/7alire\/wp-json\/wp\/v2\/posts\/2898\/revisions\/3047"}],"wp:attachment":[{"href":"https:\/\/www.o-p-i.fr\/7alire\/wp-json\/wp\/v2\/media?parent=2898"}],"wp:term":[{"taxonomy":"category","embeddable":true,"href":"https:\/\/www.o-p-i.fr\/7alire\/wp-json\/wp\/v2\/categories?post=2898"},{"taxonomy":"post_tag","embeddable":true,"href":"https:\/\/www.o-p-i.fr\/7alire\/wp-json\/wp\/v2\/tags?post=2898"},{"taxonomy":"author","embeddable":true,"href":"https:\/\/www.o-p-i.fr\/7alire\/wp-json\/wp\/v2\/coauthors?post=2898"}],"curies":[{"name":"wp","href":"https:\/\/api.w.org\/{rel}","templated":true}]}}