{"id":3248,"date":"2012-12-11T23:16:07","date_gmt":"2012-12-11T21:16:07","guid":{"rendered":"\/7alire\/?p=3248"},"modified":"2012-12-12T00:16:34","modified_gmt":"2012-12-11T22:16:34","slug":"le-pere-noel-est-en-greve-petit-conte-illustre","status":"publish","type":"post","link":"https:\/\/www.o-p-i.fr\/7alire\/7-a-lire-actu\/7-a-lire-pour-les-enfants\/le-pere-noel-est-en-greve-petit-conte-illustre\/","title":{"rendered":"Le p\u00e8re No\u00ebl est en gr\u00e8ve (petit conte illustr\u00e9)"},"content":{"rendered":"<p style=\"text-align: justify;\">\n<figure id=\"attachment_3250\" aria-describedby=\"caption-attachment-3250\" style=\"width: 200px\" class=\"wp-caption alignleft\"><img loading=\"lazy\" decoding=\"async\" class=\"size-full wp-image-3250\" title=\"Magali Gitard\" src=\"https:\/\/www.o-p-i.fr\/7alire\/wp-content\/uploads\/couv_perenoel.jpg\" alt=\"Magali Gitard\" width=\"200\" height=\"291\" \/><figcaption id=\"caption-attachment-3250\" class=\"wp-caption-text\">Magali Gitard<\/figcaption><\/figure>\n<p>Le p\u00e8re No\u00ebl ne veut plus distribuer les cadeaux. Il est en gr\u00e8ve, il boude et ne veut rien entendre.<br \/>\nTout le monde sait qu\u2019il est extr\u00eamement t\u00eatu. Comment lui faire changer d\u2019avis\u00a0?<\/p>\n<p style=\"text-align: justify;\">Un conte tr\u00e8s tendre pour petits et grands.<\/p>\n<p style=\"text-align: justify;\"><span style=\"color: #000080;\"><em>Prix : 6\u00a0\u20ac (frais de port offerts)<\/em><\/span><\/p>\n<blockquote>\n<p style=\"text-align: justify;\">Pour se procurer l\u2019ouvrage, \u00e9crire \u00e0 Magali Gitard :<br \/>\nLourtel, 12270 Saint-Andr\u00e9-de-Najac ou <a href=\"mailto:magaligitard@gmail.com\">magaligitard@gmail.com<\/a><\/p><\/blockquote>\n","protected":false},"excerpt":{"rendered":"<div class=\"mh-excerpt\">Le p\u00e8re No\u00ebl ne veut plus distribuer les cadeaux. Il est en gr\u00e8ve, il boude et ne veut rien entendre. Tout le monde sait qu\u2019il est extr\u00eamement t\u00eatu. Comment lui faire changer d\u2019avis\u00a0? Un conte <a class=\"mh-excerpt-more\" href=\"https:\/\/www.o-p-i.fr\/7alire\/7-a-lire-actu\/7-a-lire-pour-les-enfants\/le-pere-noel-est-en-greve-petit-conte-illustre\/\" title=\"Le p\u00e8re No\u00ebl est en gr\u00e8ve (petit conte illustr\u00e9)\">[&#8230;]<\/a><\/div>\n","protected":false},"author":2,"featured_media":0,"comment_status":"open","ping_status":"open","sticky":false,"template":"","format":"standard","meta":{"_jetpack_memberships_contains_paid_content":false,"footnotes":"","_links_to":"","_links_to_target":""},"categories":[485,66,77],"tags":[3639,483,484],"coauthors":[],"class_list":{"0":"post-3248","1":"post","2":"type-post","3":"status-publish","4":"format-standard","6":"category--gitard-magali","7":"category-7-a-lire-pour-les-enfants","8":"category-conte","9":"tag-conte","10":"tag-magali-gitard","11":"tag-noel"},"jetpack_featured_media_url":"","jetpack_sharing_enabled":true,"_links":{"self":[{"href":"https:\/\/www.o-p-i.fr\/7alire\/wp-json\/wp\/v2\/posts\/3248","targetHints":{"allow":["GET"]}}],"collection":[{"href":"https:\/\/www.o-p-i.fr\/7alire\/wp-json\/wp\/v2\/posts"}],"about":[{"href":"https:\/\/www.o-p-i.fr\/7alire\/wp-json\/wp\/v2\/types\/post"}],"author":[{"embeddable":true,"href":"https:\/\/www.o-p-i.fr\/7alire\/wp-json\/wp\/v2\/users\/2"}],"replies":[{"embeddable":true,"href":"https:\/\/www.o-p-i.fr\/7alire\/wp-json\/wp\/v2\/comments?post=3248"}],"version-history":[{"count":4,"href":"https:\/\/www.o-p-i.fr\/7alire\/wp-json\/wp\/v2\/posts\/3248\/revisions"}],"predecessor-version":[{"id":8144,"href":"https:\/\/www.o-p-i.fr\/7alire\/wp-json\/wp\/v2\/posts\/3248\/revisions\/8144"}],"wp:attachment":[{"href":"https:\/\/www.o-p-i.fr\/7alire\/wp-json\/wp\/v2\/media?parent=3248"}],"wp:term":[{"taxonomy":"category","embeddable":true,"href":"https:\/\/www.o-p-i.fr\/7alire\/wp-json\/wp\/v2\/categories?post=3248"},{"taxonomy":"post_tag","embeddable":true,"href":"https:\/\/www.o-p-i.fr\/7alire\/wp-json\/wp\/v2\/tags?post=3248"},{"taxonomy":"author","embeddable":true,"href":"https:\/\/www.o-p-i.fr\/7alire\/wp-json\/wp\/v2\/coauthors?post=3248"}],"curies":[{"name":"wp","href":"https:\/\/api.w.org\/{rel}","templated":true}]}}