{"id":3466,"date":"2010-08-18T13:49:59","date_gmt":"2010-08-18T11:49:59","guid":{"rendered":"\/7alire\/?p=3466"},"modified":"2010-08-18T13:56:51","modified_gmt":"2010-08-18T11:56:51","slug":"de-clovis-a-louis-xx-ou-le-retour-de-la-monarchie-en-france-yvan-le-page","status":"publish","type":"post","link":"https:\/\/www.o-p-i.fr\/7alire\/7-a-lire-actu\/de-clovis-a-louis-xx-ou-le-retour-de-la-monarchie-en-france-yvan-le-page\/","title":{"rendered":"\u00ab\u00a0De Clovis \u00e0 Louis XX ou le retour de la monarchie en France\u00a0\u00bb Yvan Le Page"},"content":{"rendered":"<p style=\"text-align: justify;\">Tout avait bien commenc\u00e9 avec Clovis quand il renonce au paganisme au soir de son bapt\u00eame par l&rsquo;\u00e9v\u00eaque R\u00e9mi. Mais avec la fameuse victoire sur les arabes \u00e0 Poitiers en 732, c&rsquo;en est fini de ce qui devait \u00eatre de la France d&rsquo;aujourd&rsquo;hui. Dans ce livre j&rsquo;explique que la crise du monde (ce qu&rsquo;on appelle le d\u00e9clin de l&rsquo;Occident), est li\u00e9e \u00e0 la perte  irr\u00e9parable de la trinit\u00e9 romaine, de la religion, de la tradition et de l&rsquo;autorit\u00e9. Quand la veille de son ex\u00e9cution le Roi Louis XVI en appelle \u00e0 la Sainte Trinit\u00e9 il en fait r\u00e9f\u00e9rence.<br \/>\nEn r\u00e9alit\u00e9, en d\u00e9capitant le roi, c&rsquo;est nos1000 ans d&rsquo;histoire qui sont remis en question. Mon livre intitul\u00e9 pour la circonstance \u00a0\u00bb l&rsquo;homme aux trois soleils\u00a0\u00bb se veut en cons\u00e9quence la relecture de ces 1000 mille ans d&rsquo;histoire qui ont fait la France actuelle.<br \/>\nApr\u00e8s l&rsquo;abolition de la monarchie de droit divin, apr\u00e8s voir connu l&rsquo;aventure napol\u00e9onienne, renouvel\u00e9e en 1852, et le retour de la monarchie de 1815 et 1848, les r\u00e9publicains ont pris soin sous les III et IV R\u00e9publiques de parer \u00e0 tout pouvoir personnel, avec un pr\u00e9sident fantoche et une Assembl\u00e9e forte. Mais parce que tout homme a besoin de re-\u00a0\u00bbp\u00e8re\u00a0\u00bb. De Gaulle a cr\u00e9\u00e9 la V\u00e8me r\u00e9publique question de redonner une image forte au Pr\u00e9sident. Il n&rsquo;a pas voulu r\u00e9tablir l&rsquo;ancienne monarchie mais il a ouvert la France \u00e0 la nouvelle. Le monde des courtisans ne mourant jamais, avec la disparition du G\u00e9n\u00e9ral De Gaulle, la V\u00e8me r\u00e9publique fonctionne aujourd&rsquo;hui en une monarchie avec tout ce qu&rsquo;il y a de n\u00e9gatif.<br \/>\nA propos du pouvoir, J\u00e9sus est tr\u00e8s clair quand il s&rsquo;adresse \u00e0 Pilate : \u00ab\u00a0Tu n&rsquo;aurais aucun pouvoir sur moi, si cela ne t&rsquo;avait \u00e9t\u00e9 donn\u00e9 d&rsquo;en haut ; c&rsquo;est pourquoi celui qui m&rsquo;a livr\u00e9 \u00e0 toi (Judas) a commis un plus grand p\u00e9ch\u00e9\u00a0\u00bb.Jean (19,11) . En conclusion la seule issue pour la France est de r\u00e9tablir une v\u00e9ritable monarchie \u00e0 visage d\u00e9couvert et&#8230; humain. Le prince Louis XX est la cl\u00e9 de cette r\u00e9v\u00e9lation qui m&rsquo;a \u00e9t\u00e9 faite dans des conditions tr\u00e8s particuli\u00e8res.<\/p>\n","protected":false},"excerpt":{"rendered":"<div class=\"mh-excerpt\">Tout avait bien commenc\u00e9 avec Clovis quand il renonce au paganisme au soir de son bapt\u00eame par l&rsquo;\u00e9v\u00eaque R\u00e9mi. Mais avec la fameuse victoire sur les arabes \u00e0 Poitiers en 732, c&rsquo;en est fini de <a class=\"mh-excerpt-more\" href=\"https:\/\/www.o-p-i.fr\/7alire\/7-a-lire-actu\/de-clovis-a-louis-xx-ou-le-retour-de-la-monarchie-en-france-yvan-le-page\/\" title=\"\u00ab\u00a0De Clovis \u00e0 Louis XX ou le retour de la monarchie en France\u00a0\u00bb Yvan Le Page\">[&#8230;]<\/a><\/div>\n","protected":false},"author":3,"featured_media":0,"comment_status":"open","ping_status":"open","sticky":false,"template":"","format":"standard","meta":{"_jetpack_memberships_contains_paid_content":false,"footnotes":"","_links_to":"","_links_to_target":""},"categories":[3,4],"tags":[552,532,549,444,551,550,548],"coauthors":[],"class_list":{"0":"post-3466","1":"post","2":"type-post","3":"status-publish","4":"format-standard","6":"category-7-a-lire-actu","7":"category-auteurs-contemporains","8":"tag-autorite","9":"tag-france","10":"tag-monarchie","11":"tag-religion","12":"tag-tradition","13":"tag-trinite","14":"tag-yvan-le-page"},"jetpack_featured_media_url":"","jetpack_sharing_enabled":true,"_links":{"self":[{"href":"https:\/\/www.o-p-i.fr\/7alire\/wp-json\/wp\/v2\/posts\/3466","targetHints":{"allow":["GET"]}}],"collection":[{"href":"https:\/\/www.o-p-i.fr\/7alire\/wp-json\/wp\/v2\/posts"}],"about":[{"href":"https:\/\/www.o-p-i.fr\/7alire\/wp-json\/wp\/v2\/types\/post"}],"author":[{"embeddable":true,"href":"https:\/\/www.o-p-i.fr\/7alire\/wp-json\/wp\/v2\/users\/3"}],"replies":[{"embeddable":true,"href":"https:\/\/www.o-p-i.fr\/7alire\/wp-json\/wp\/v2\/comments?post=3466"}],"version-history":[{"count":4,"href":"https:\/\/www.o-p-i.fr\/7alire\/wp-json\/wp\/v2\/posts\/3466\/revisions"}],"predecessor-version":[{"id":3468,"href":"https:\/\/www.o-p-i.fr\/7alire\/wp-json\/wp\/v2\/posts\/3466\/revisions\/3468"}],"wp:attachment":[{"href":"https:\/\/www.o-p-i.fr\/7alire\/wp-json\/wp\/v2\/media?parent=3466"}],"wp:term":[{"taxonomy":"category","embeddable":true,"href":"https:\/\/www.o-p-i.fr\/7alire\/wp-json\/wp\/v2\/categories?post=3466"},{"taxonomy":"post_tag","embeddable":true,"href":"https:\/\/www.o-p-i.fr\/7alire\/wp-json\/wp\/v2\/tags?post=3466"},{"taxonomy":"author","embeddable":true,"href":"https:\/\/www.o-p-i.fr\/7alire\/wp-json\/wp\/v2\/coauthors?post=3466"}],"curies":[{"name":"wp","href":"https:\/\/api.w.org\/{rel}","templated":true}]}}