{"id":3766,"date":"2010-11-10T15:57:26","date_gmt":"2010-11-10T13:57:26","guid":{"rendered":"\/7alire\/?p=3766"},"modified":"2010-11-10T15:57:38","modified_gmt":"2010-11-10T13:57:38","slug":"le-chemin-de-compostelle-sac-a-dos-et-droit-devantmaite-lauzely-darbon","status":"publish","type":"post","link":"https:\/\/www.o-p-i.fr\/7alire\/7-a-lire-actu\/le-chemin-de-compostelle-sac-a-dos-et-droit-devantmaite-lauzely-darbon\/","title":{"rendered":"\u00ab\u00a0Le Chemin de Compostelle, sac \u00e0 dos et droit devant\u00a0\u00bb Ma\u00eft\u00e9 Lauz\u00e9ly Darbon"},"content":{"rendered":"<p style=\"text-align: justify;\">\n<figure id=\"attachment_3795\" aria-describedby=\"caption-attachment-3795\" style=\"width: 200px\" class=\"wp-caption alignleft\"><img loading=\"lazy\" decoding=\"async\" class=\"size-full wp-image-3795\" title=\"Ma\u00eft\u00e9 Lauz\u00e9ly Darbon\" src=\"https:\/\/www.o-p-i.fr\/7alire\/wp-content\/uploads\/couv_chemin_compostelle.jpg\" alt=\"Ma\u00eft\u00e9 Lauz\u00e9ly Darbon\" width=\"200\" height=\"294\" \/><figcaption id=\"caption-attachment-3795\" class=\"wp-caption-text\">Ma\u00eft\u00e9 Lauz\u00e9ly Darbon<\/figcaption><\/figure>\n<p>Apr\u00e8s une belle carri\u00e8re pass\u00e9e chez AZF, \u00e0 pr\u00e9sent, en parall\u00e8le avec ses nombreuses randonn\u00e9es et ses th\u00e9s dansants, Ma\u00eft\u00e9 Lauzely-Darbon concr\u00e9tise son d\u00e9sir d\u2019\u00e9crire : \u00ab Le Chemin de Compostelle, sac \u00e0 dos et droit devant \u00bb est son troisi\u00e8me ouvrage.<\/p>\n<p>Pourquoi aller \u00e0 Saint-Jacques-de-Compostelle ? Cette route l\u00e9gendaire, emprunt\u00e9e depuis le Moyen-\u00c2ge, intriguera toujours.<\/p>\n<p>Cache-t-elle des secrets myst\u00e9rieux ? Procure-t-elle des forces ? Des \u00e9motions extraordinaires ?<\/p>\n<p>Les humains sont-ils des \u00eatres jamais tout \u00e0 fait satisfaits de leur sort ? S\u2019imaginent-ils obtenir sur le chemin l\u2019hypoth\u00e9tique r\u00e9alisation de tous leurs v\u0153ux ?<\/p>\n<p>Quoiqu\u2019il en soit, personne ne va \u00e0 Compostelle tout \u00e0 fait par hasard\u2026<\/p>\n","protected":false},"excerpt":{"rendered":"<div class=\"mh-excerpt\">Apr\u00e8s une belle carri\u00e8re pass\u00e9e chez AZF, \u00e0 pr\u00e9sent, en parall\u00e8le avec ses nombreuses randonn\u00e9es et ses th\u00e9s dansants, Ma\u00eft\u00e9 Lauzely-Darbon concr\u00e9tise son d\u00e9sir d\u2019\u00e9crire : \u00ab Le Chemin de Compostelle, sac \u00e0 dos et <a class=\"mh-excerpt-more\" href=\"https:\/\/www.o-p-i.fr\/7alire\/7-a-lire-actu\/le-chemin-de-compostelle-sac-a-dos-et-droit-devantmaite-lauzely-darbon\/\" title=\"\u00ab\u00a0Le Chemin de Compostelle, sac \u00e0 dos et droit devant\u00a0\u00bb Ma\u00eft\u00e9 Lauz\u00e9ly Darbon\">[&#8230;]<\/a><\/div>\n","protected":false},"author":3,"featured_media":0,"comment_status":"open","ping_status":"open","sticky":false,"template":"","format":"standard","meta":{"_jetpack_memberships_contains_paid_content":false,"footnotes":"","_links_to":"","_links_to_target":""},"categories":[415,3],"tags":[730,729,416,727,726,728,731],"coauthors":[],"class_list":{"0":"post-3766","1":"post","2":"type-post","3":"status-publish","4":"format-standard","6":"category--lauzely-darbon-maite","7":"category-7-a-lire-actu","8":"tag-emotion","9":"tag-force","10":"tag-maite-lauzely-darbon","11":"tag-route-legendaire","12":"tag-saint-jacques-de-compostelle","13":"tag-secret","14":"tag-voeu"},"jetpack_featured_media_url":"","jetpack_sharing_enabled":true,"_links":{"self":[{"href":"https:\/\/www.o-p-i.fr\/7alire\/wp-json\/wp\/v2\/posts\/3766","targetHints":{"allow":["GET"]}}],"collection":[{"href":"https:\/\/www.o-p-i.fr\/7alire\/wp-json\/wp\/v2\/posts"}],"about":[{"href":"https:\/\/www.o-p-i.fr\/7alire\/wp-json\/wp\/v2\/types\/post"}],"author":[{"embeddable":true,"href":"https:\/\/www.o-p-i.fr\/7alire\/wp-json\/wp\/v2\/users\/3"}],"replies":[{"embeddable":true,"href":"https:\/\/www.o-p-i.fr\/7alire\/wp-json\/wp\/v2\/comments?post=3766"}],"version-history":[{"count":5,"href":"https:\/\/www.o-p-i.fr\/7alire\/wp-json\/wp\/v2\/posts\/3766\/revisions"}],"predecessor-version":[{"id":3768,"href":"https:\/\/www.o-p-i.fr\/7alire\/wp-json\/wp\/v2\/posts\/3766\/revisions\/3768"}],"wp:attachment":[{"href":"https:\/\/www.o-p-i.fr\/7alire\/wp-json\/wp\/v2\/media?parent=3766"}],"wp:term":[{"taxonomy":"category","embeddable":true,"href":"https:\/\/www.o-p-i.fr\/7alire\/wp-json\/wp\/v2\/categories?post=3766"},{"taxonomy":"post_tag","embeddable":true,"href":"https:\/\/www.o-p-i.fr\/7alire\/wp-json\/wp\/v2\/tags?post=3766"},{"taxonomy":"author","embeddable":true,"href":"https:\/\/www.o-p-i.fr\/7alire\/wp-json\/wp\/v2\/coauthors?post=3766"}],"curies":[{"name":"wp","href":"https:\/\/api.w.org\/{rel}","templated":true}]}}