{"id":380,"date":"2014-12-23T09:28:15","date_gmt":"2014-12-23T07:28:15","guid":{"rendered":"\/7alire\/?p=380"},"modified":"2014-12-23T10:38:35","modified_gmt":"2014-12-23T08:38:35","slug":"feu-et-cendres","status":"publish","type":"post","link":"https:\/\/www.o-p-i.fr\/7alire\/auteurs-contemporains\/%c2%a9-boye-jacqueline\/feu-et-cendres\/","title":{"rendered":"\u00ab\u00a0Feu et Cendres\u00a0\u00bb. Roman de Jacqueline Boy\u00e9."},"content":{"rendered":"<p style=\"text-align: justify;\">\n<figure id=\"attachment_11746\" aria-describedby=\"caption-attachment-11746\" style=\"width: 150px\" class=\"wp-caption alignleft\"><a href=\"https:\/\/www.o-p-i.fr\/7alire\/wp-content\/uploads\/couv_feu_cendre1.jpg\"><img loading=\"lazy\" decoding=\"async\" class=\"size-full wp-image-11746\" title=\"Feu et cendres. Jacqueline BOYE\" src=\"https:\/\/www.o-p-i.fr\/7alire\/wp-content\/uploads\/couv_feu_cendre1.jpg\" alt=\"Feu et cendres. Jacqueline BOYE\" width=\"150\" height=\"228\" \/><\/a><figcaption id=\"caption-attachment-11746\" class=\"wp-caption-text\">Feu et cendres. Jacqueline BOYE<\/figcaption><\/figure>\n<p>Panique\u2026 stup\u00e9faction\u2026 d\u00e9solation\u2026 Un terrible incendie vient de ravager la grande chapellerie du village.<\/p>\n<p style=\"text-align: justify;\">Pourquoi ?<\/p>\n<p style=\"text-align: justify;\">Qui se cache derri\u00e8re ce geste ignoble ?<\/p>\n<p style=\"text-align: justify;\">En veut-on particuli\u00e8rement \u00e0 la famille De Fraimont ?<\/p>\n<p style=\"text-align: justify;\">La haine, la jalousie, le pouvoir, l\u2019argent, sont-ils \u00e0 la base de cette destruction ?<\/p>\n<p style=\"text-align: justify;\">L\u2019enqu\u00eate men\u00e9e par le Commandant Valette de la P6J ouvrira un horizon insoup\u00e7onnable et d\u00e9montrera, une fois encore, la d\u00e9gradation, le d\u00e9sespoir, le malaise, la tristesse infinie d\u2019une soci\u00e9t\u00e9 d\u00e9cadente.<\/p>\n<p style=\"text-align: justify;\">Livre \u00e0 suspense&#8230;<\/p>\n<p style=\"text-align: justify;\"><em>Jacqueline Boy\u00e9 a \u00e9crit \u00ab Feu et Cendres \u00bb \u00e0 \u00ab La Masse \u00bb petit village Lotois, situ\u00e9 \u00e0 quelques kilom\u00e8tres de Prayssac o\u00f9 vivaient ses grands-parents maternels.<\/em><\/p>\n<p><em> <\/em><\/p>\n<p style=\"text-align: justify;\"><em>La solitude, le silence le charme et les vibrations de la maison familiale l\u2019enchantent et l\u2019incitent \u00e0 la cr\u00e9ativit\u00e9\u2026<\/em><\/p>\n<p style=\"text-align: justify;\"><em><span style=\"color: #003366;\">2004. Prix : 16\u20ac <\/span><\/em><\/p>\n","protected":false},"excerpt":{"rendered":"<div class=\"mh-excerpt\">Panique\u2026 stup\u00e9faction\u2026 d\u00e9solation\u2026 Un terrible incendie vient de ravager la grande chapellerie du village. Pourquoi ? Qui se cache derri\u00e8re ce geste ignoble ? En veut-on particuli\u00e8rement \u00e0 la famille De Fraimont ? La haine, <a class=\"mh-excerpt-more\" href=\"https:\/\/www.o-p-i.fr\/7alire\/auteurs-contemporains\/%c2%a9-boye-jacqueline\/feu-et-cendres\/\" title=\"\u00ab\u00a0Feu et Cendres\u00a0\u00bb. Roman de Jacqueline Boy\u00e9.\">[&#8230;]<\/a><\/div>\n","protected":false},"author":1,"featured_media":0,"comment_status":"open","ping_status":"open","sticky":false,"template":"","format":"standard","meta":{"_jetpack_memberships_contains_paid_content":false,"footnotes":"","_links_to":"","_links_to_target":""},"categories":[41,79],"tags":[74],"coauthors":[],"class_list":{"0":"post-380","1":"post","2":"type-post","3":"status-publish","4":"format-standard","6":"category--boye-jacqueline","7":"category-roman","8":"tag-jacqueline-boye"},"jetpack_featured_media_url":"","jetpack_sharing_enabled":true,"_links":{"self":[{"href":"https:\/\/www.o-p-i.fr\/7alire\/wp-json\/wp\/v2\/posts\/380","targetHints":{"allow":["GET"]}}],"collection":[{"href":"https:\/\/www.o-p-i.fr\/7alire\/wp-json\/wp\/v2\/posts"}],"about":[{"href":"https:\/\/www.o-p-i.fr\/7alire\/wp-json\/wp\/v2\/types\/post"}],"author":[{"embeddable":true,"href":"https:\/\/www.o-p-i.fr\/7alire\/wp-json\/wp\/v2\/users\/1"}],"replies":[{"embeddable":true,"href":"https:\/\/www.o-p-i.fr\/7alire\/wp-json\/wp\/v2\/comments?post=380"}],"version-history":[{"count":8,"href":"https:\/\/www.o-p-i.fr\/7alire\/wp-json\/wp\/v2\/posts\/380\/revisions"}],"predecessor-version":[{"id":11751,"href":"https:\/\/www.o-p-i.fr\/7alire\/wp-json\/wp\/v2\/posts\/380\/revisions\/11751"}],"wp:attachment":[{"href":"https:\/\/www.o-p-i.fr\/7alire\/wp-json\/wp\/v2\/media?parent=380"}],"wp:term":[{"taxonomy":"category","embeddable":true,"href":"https:\/\/www.o-p-i.fr\/7alire\/wp-json\/wp\/v2\/categories?post=380"},{"taxonomy":"post_tag","embeddable":true,"href":"https:\/\/www.o-p-i.fr\/7alire\/wp-json\/wp\/v2\/tags?post=380"},{"taxonomy":"author","embeddable":true,"href":"https:\/\/www.o-p-i.fr\/7alire\/wp-json\/wp\/v2\/coauthors?post=380"}],"curies":[{"name":"wp","href":"https:\/\/api.w.org\/{rel}","templated":true}]}}