{"id":4060,"date":"2011-01-11T14:30:48","date_gmt":"2011-01-11T12:30:48","guid":{"rendered":"\/7alire\/?p=4060"},"modified":"2011-06-24T12:00:43","modified_gmt":"2011-06-24T10:00:43","slug":"vots-occitans-voeux-occitans","status":"publish","type":"post","link":"https:\/\/www.o-p-i.fr\/7alire\/7-a-lire-actu\/vots-occitans-voeux-occitans\/","title":{"rendered":"Vots occitans \/ voeux occitans"},"content":{"rendered":"<p><span style=\"font-size: 18pt; font-family: Arial; color: #123456;\">Diga me, an novel, que vas nos tirar de ton cap\u00e8l?<br \/>\nDotze meses de bonur e pas brica de malur?<br \/>\nLa patz amb la blanca colomba e pus jamai cap de bomba?<br \/>\nAlavetz, cridi \u00ab\u00a0Bona annada!\u00a0\u00bb <\/span><\/p>\n<p class=\"moyentexte\"><span style=\"font-size: 14pt; font-family: Arial; color: #123456;\">Dis-moi, an nouveau, que vas-tu nous tirer de ton chapeau?<br \/>\nDouze mois de bonheur et pas du tout de malheur?<br \/>\nLa paix avec la blanche colombe et plus jamais aucune bombe?<br \/>\nAlors, je crie \u00ab\u00a0Bonne ann\u00e9e!\u00a0\u00bb<\/span><\/p>\n<p class=\"MsoNormal\"><span style=\"font-size: 14pt;\">Bona annada plan granada e de f\u00f2r\u00e7as maitas acompanhadas <\/span><\/p>\n<p class=\"MsoNormal\"><span style=\"font-size: 14pt;\"> <\/span><\/p>\n<p class=\"MsoNormal\"><span style=\"font-size: 18pt; font-family: Verdana; color: teal;\">Que l\u2019An que ven vos porgigue :<br \/>\nUn pauc de pan per v\u00f2stra fam,<br \/>\nUn pauc de vin per v\u00f2stre beure,<br \/>\nE de santat per v\u00f2stre viure.<br \/>\nEn mai d\u2019aqu\u00f2 f\u00f2r\u00e7a bonur<br \/>\nE d\u2019amistat per v\u00f2stra j\u00f2ia,<br \/>\nE plen d\u2019amor p\u00e8r v\u00f2stre c\u00f2r.<\/span><\/p>\n<p class=\"MsoNormal\"><span style=\"font-size: 14pt; font-family: Verdana; color: teal;\"> <\/span><\/p>\n<p class=\"MsoNormal\"><span style=\"font-size: 18pt; font-family: Verdana; color: teal;\">E sustot per l\u2019an que ven se s\u00e8m pas maites que siagu\u00e8m pas mens \u2026 <\/span><\/p>\n<p class=\"MsoNormal\"><span style=\"font-size: 14pt; font-family: Verdana; color: teal;\"> <\/span><\/p>\n<p class=\"MsoNormal\"><span style=\"font-size: 18pt; font-family: Verdana; color: teal;\">Que l\u2019an nov\u00e8l vos cante lo cant b\u00e8l \u2026.<\/span><\/p>\n<p class=\"MsoNormal\"><span style=\"font-size: 18pt; font-family: Verdana; color: teal;\">Que l\u2019annada nov\u00e8la vos cante la can\u00e7on b\u00e8la \u2026<span> <\/span><\/span><\/p>\n<p class=\"MsoNormal\">\n","protected":false},"excerpt":{"rendered":"<div class=\"mh-excerpt\">Diga me, an novel, que vas nos tirar de ton cap\u00e8l? Dotze meses de bonur e pas brica de malur? La patz amb la blanca colomba e pus jamai cap de bomba? Alavetz, cridi \u00ab\u00a0Bona <a class=\"mh-excerpt-more\" href=\"https:\/\/www.o-p-i.fr\/7alire\/7-a-lire-actu\/vots-occitans-voeux-occitans\/\" title=\"Vots occitans \/ voeux occitans\">[&#8230;]<\/a><\/div>\n","protected":false},"author":3,"featured_media":0,"comment_status":"open","ping_status":"open","sticky":false,"template":"","format":"standard","meta":{"_jetpack_memberships_contains_paid_content":false,"footnotes":"","_links_to":"","_links_to_target":""},"categories":[3,266,13,10,12],"tags":[8,821],"coauthors":[],"class_list":{"0":"post-4060","1":"post","2":"type-post","3":"status-publish","4":"format-standard","6":"category-7-a-lire-actu","7":"category-activites-occitanes","8":"category-icalanar","9":"category-occitanie","10":"category-tarn-e-garona-occitan","11":"tag-occitan","12":"tag-voeux"},"jetpack_featured_media_url":"","jetpack_sharing_enabled":true,"_links":{"self":[{"href":"https:\/\/www.o-p-i.fr\/7alire\/wp-json\/wp\/v2\/posts\/4060","targetHints":{"allow":["GET"]}}],"collection":[{"href":"https:\/\/www.o-p-i.fr\/7alire\/wp-json\/wp\/v2\/posts"}],"about":[{"href":"https:\/\/www.o-p-i.fr\/7alire\/wp-json\/wp\/v2\/types\/post"}],"author":[{"embeddable":true,"href":"https:\/\/www.o-p-i.fr\/7alire\/wp-json\/wp\/v2\/users\/3"}],"replies":[{"embeddable":true,"href":"https:\/\/www.o-p-i.fr\/7alire\/wp-json\/wp\/v2\/comments?post=4060"}],"version-history":[{"count":8,"href":"https:\/\/www.o-p-i.fr\/7alire\/wp-json\/wp\/v2\/posts\/4060\/revisions"}],"predecessor-version":[{"id":4844,"href":"https:\/\/www.o-p-i.fr\/7alire\/wp-json\/wp\/v2\/posts\/4060\/revisions\/4844"}],"wp:attachment":[{"href":"https:\/\/www.o-p-i.fr\/7alire\/wp-json\/wp\/v2\/media?parent=4060"}],"wp:term":[{"taxonomy":"category","embeddable":true,"href":"https:\/\/www.o-p-i.fr\/7alire\/wp-json\/wp\/v2\/categories?post=4060"},{"taxonomy":"post_tag","embeddable":true,"href":"https:\/\/www.o-p-i.fr\/7alire\/wp-json\/wp\/v2\/tags?post=4060"},{"taxonomy":"author","embeddable":true,"href":"https:\/\/www.o-p-i.fr\/7alire\/wp-json\/wp\/v2\/coauthors?post=4060"}],"curies":[{"name":"wp","href":"https:\/\/api.w.org\/{rel}","templated":true}]}}