{"id":4255,"date":"2011-02-15T12:00:10","date_gmt":"2011-02-15T10:00:10","guid":{"rendered":"\/7alire\/?p=4255"},"modified":"2011-06-14T12:38:35","modified_gmt":"2011-06-14T10:38:35","slug":"occitania-occitania-article-de-gerard-veyries","status":"publish","type":"post","link":"https:\/\/www.o-p-i.fr\/7alire\/7-a-lire-actu\/occitania-occitania-article-de-gerard-veyries\/","title":{"rendered":"Occitania ! Occitania ! article de G\u00e9rard Veyri\u00e8s"},"content":{"rendered":"<p style=\"text-align: justify;\"><img loading=\"lazy\" decoding=\"async\" class=\"alignleft size-full wp-image-4281\" title=\"croix_occitane\" src=\"https:\/\/www.o-p-i.fr\/7alire\/wp-content\/uploads\/croix_occ.jpg\" alt=\"croix_occitane\" width=\"270\" height=\"252\" \/>Dans notre pr\u00e9c\u00e9dent ouvrage (La Terre d\u2019oc), nous avons vu la propagation au XIIe si\u00e8cle, de la \u00ab secte Albigeoise \u00bb. Ces \u00e9v\u00e9nements seront suivis au XIIIe si\u00e8cle, par le drame final qui est \u00ab programm\u00e9 \u00bb par des forces ext\u00e9rieures au pays d\u2019oc, puisqu\u2019elles finirent par intervenir sous pr\u00e9texte qu\u2019une partie de sa population est \u00ab infest\u00e9e \u00bb par l\u2019h\u00e9r\u00e9sie albigeoise !<\/p>\n<p style=\"text-align: justify;\">Et pour d\u00e9finir les territoires o\u00f9 se parle la langue d\u2019oc, l\u2019administration royale fran\u00e7aise \u00e0 cr\u00e9\u00e9 \u00e0 partir de 1290 le mot \u00ab Occitanie \u00bb patria linguae accitaniae afin de nommer les comt\u00e9s du sud qu\u2019elle per\u00e7oit comme diff\u00e9rents. Puis plus tard le mot \u00ab Languedoc \u00bb sera employ\u00e9.<\/p>\n<p style=\"text-align: justify;\">Et si les \u00ab Katharos \u00bb (les purs) ont \u00e9t\u00e9 pers\u00e9cut\u00e9s, an\u00e9antis par les crois\u00e9s du Nord et par les repr\u00e9sentants (l\u00e9gats) de l\u2019\u00c9glise romaine, ils n\u2019ont pas pour autant disparu de la m\u00e9moire des hommes ! Puisque les chansons des troubadours nous le rappellent, notamment La Canso de Guillaume de Tud\u00e8le.<\/p>\n<p style=\"text-align: justify;\">Nous avons cru comprendre que la croisade \u00ab Albigeoise \u00bb n\u2019a \u00e9t\u00e9 pour quelques contemporains qu\u2019un \u00ab accessoire \u00bb de l\u2019histoire de France, jusqu\u2019au moment o\u00f9 Louis VIII parut sur la \u00ab sc\u00e8ne \u00bb de ce drame en 1226 ! Et pour d\u2019autres, c\u2019est une vision sans int\u00e9r\u00eat, sinon qu\u2019une simple \u00ab banalit\u00e9 \u00bb, ou encore, que : \u00ab Sur le plan culturel, le Midi de la France \u00e9tait loin de l\u2019emporter sur le Nord \u00bb. Enfin : \u00ab La papaut\u00e9, lorsqu\u2019elle terrassa les cathares, par exemple, sa victoire fut celle du bon sens et de la raison \u00bb. Quant \u00e0 certains philosophes, ils n\u2019ont pas manqu\u00e9 de voir dans la croisade une manifestation de cette \u00ab intol\u00e9rance \u00bb qu\u2019ils pourchassent \u00e0 travers l\u2019histoire ! Et plus g\u00e9n\u00e9ralement, pour l\u2019histoire de France, l\u2019histoire Occitane, n\u2019est qu\u2019un \u00ab cadavre Albigeois \u00bb !<\/p>\n<p style=\"text-align: justify;\">N\u00e9anmoins, lorsque les partisans du parti de l\u2019Ordre chr\u00e9tien et valeureux adversaires de la subversion h\u00e9r\u00e9tique cherchent \u00e0 minimiser les atrocit\u00e9s des croisades m\u00e9ridionales, ils se justifient en mentionnant que : \u00ab La cause sainte n\u2019est pas celle de la foi, mais celle de la nation \u00bb. On retrouve cette d\u00e9marche chez Michelet, qui pour consolider les acquis de la R\u00e9volution, et entretenir le mythe fondateur d\u2019unit\u00e9, jette aux poubelles de l\u2019histoire, les divergences venues des peuples m\u00e9ridionaux ; car elles risquaient de dissoner dans le concept trop bien organis\u00e9 des fiert\u00e9s nationales.<!--more--><\/p>\n<p style=\"text-align: justify;\">L\u2019histoire du peuple d\u2019oc n\u2019a jamais \u00e9t\u00e9 \u00e9tudi\u00e9e et pr\u00e9sent\u00e9e que sous le nom \u00ab d\u2019Histoire de France \u00bb. Donc il n\u2019a pas \u00e9t\u00e9 dit grand-chose ! N\u00e9anmoins nous avons notre culture, notre histoire occitane, ce n\u2019est pas forc\u00e9ment celle de l\u2019histoire de France et surtout celle de l\u2019histoire de l\u2019\u00c9glise catholique, apostolique et romaine !<\/p>\n<p style=\"text-align: justify;\">Car, les terres m\u00e9ridionales lancent le d\u00e9fi au XIIe et au XIIIe si\u00e8cle, de la libert\u00e9 de religion, de la pens\u00e9e libre, si dangereuse pour la bonne marche de la soci\u00e9t\u00e9.<\/p>\n<p style=\"text-align: justify;\">C\u2019est pour d\u00e9fendre cette soci\u00e9t\u00e9 plus que la foi (puisque cette derni\u00e8re doit rester libre), que le pape Innocent III lance les crois\u00e9s en Terre d\u2019oc, pour massacrer les cathares, leurs protecteurs, leurs fr\u00e8res catholiques respectueux de leurs croyances. Le peuple d\u2019oc doit ob\u00e9ir en fait : \u00ab \u00e0 la loi (ou \u00e0 la foi) du plus fort \u00bb, c\u2019est-\u00e0-dire \u00e0 l\u2019\u00c9glise romaine ! Et pour cela, le pape donne en proie les terres m\u00e9ridionales au bras s\u00e9culier, plus exactement \u00e0 ses mercenaires.<\/p>\n<p style=\"text-align: justify;\">Invariablement, les \u00ab g\u00eaneurs \u00bb qui font obstacle \u00e0 la pens\u00e9e dominante sont aussit\u00f4t abattus ! Il suffit de lire la vie du Christ, qui lui-m\u00eame a \u00e9t\u00e9 mis en croix par les Romains ! Il y avait sans doute d\u2019autres m\u00e9thodes plus fraternelles \u00e0 employer pour \u00ab extirper l\u2019h\u00e9r\u00e9sie \u00bb ainsi que \u00ab les Juifs \u00bb, que la violence aveugle de la croisade, car celle-ci \u00e9tait le pire, choisie par un seul \u00ab homme \u00bb, le pape Innocent III. Nous voyons bien que l\u2019\u00e9tablissement d\u2019une seule religion n\u2019avait pu \u00eatre men\u00e9 \u00e0 bien par la volont\u00e9 d\u2019un seul homme, et d\u2019une seule \u00c9glise, f\u00fbt-elle \u00ab Universelle \u00bb, pour imposer qu\u2019un seul culte, afin de servir qu\u2019un seul Dieu ! Et l\u2019on retrouvera les m\u00eames causes quelques si\u00e8cles plus tard, lors des guerres de religion du XVIe et du XVIIe si\u00e8cle.<\/p>\n<p style=\"text-align: justify;\">Si le r\u00e9cit des temps pass\u00e9s doit servir d\u2019instruction ainsi que d\u2019exemple aux si\u00e8cles \u00e0 venir, quel plus touchant et plus terrible spectacle, que celui des \u00ab Trag\u00e9dies Apocalyptiques de la Terre d\u2019oc \u00bb, au cours duquel les passions les plus violentes, les plus haineuses de la part de l\u2019administration royale et surtout de l\u2019\u00c9glise romaine (L\u00e9gats, Inquisition, torture, \u2026), furent mises en jeu pour \u00ab \u00e9liminer \u00bb la soci\u00e9t\u00e9 du Midi de la France du XIIIe si\u00e8cle.<\/p>\n<p style=\"text-align: justify;\">Le samedi 4 juillet 2009, l\u2019auteur, ainsi que les associations OC\u2019TRADOU et les Amis de Montaigut, ont comm\u00e9mor\u00e9 le 800e anniversaire de la croisade men\u00e9e contre les Albigeois, sur le site historique de Montaigut en Albigeois.<\/p>\n<p style=\"text-align: justify;\"><img loading=\"lazy\" decoding=\"async\" class=\"aligncenter size-full wp-image-4259\" title=\"carte_croisade\" src=\"https:\/\/www.o-p-i.fr\/7alire\/wp-content\/uploads\/carte_veyries.jpg\" alt=\"carte_croisade\" width=\"600\" height=\"437\" srcset=\"https:\/\/www.o-p-i.fr\/7alire\/wp-content\/uploads\/carte_veyries.jpg 600w, https:\/\/www.o-p-i.fr\/7alire\/wp-content\/uploads\/carte_veyries-300x218.jpg 300w\" sizes=\"auto, (max-width: 600px) 100vw, 600px\" \/><\/p>\n<p style=\"text-align: justify;\">G\u00e9rard Veyries<\/p>\n","protected":false},"excerpt":{"rendered":"<div class=\"mh-excerpt\">Dans notre pr\u00e9c\u00e9dent ouvrage (La Terre d\u2019oc), nous avons vu la propagation au XIIe si\u00e8cle, de la \u00ab secte Albigeoise \u00bb. Ces \u00e9v\u00e9nements seront suivis au XIIIe si\u00e8cle, par le drame final qui est \u00ab <a class=\"mh-excerpt-more\" href=\"https:\/\/www.o-p-i.fr\/7alire\/7-a-lire-actu\/occitania-occitania-article-de-gerard-veyries\/\" title=\"Occitania ! Occitania ! article de G\u00e9rard Veyri\u00e8s\">[&#8230;]<\/a><\/div>\n","protected":false},"author":3,"featured_media":0,"comment_status":"open","ping_status":"open","sticky":false,"template":"","format":"standard","meta":{"_jetpack_memberships_contains_paid_content":false,"footnotes":"","_links_to":"","_links_to_target":""},"categories":[662,3,266,4,13,10,12],"tags":[423,644,785,639,870,869],"coauthors":[],"class_list":{"0":"post-4255","1":"post","2":"type-post","3":"status-publish","4":"format-standard","6":"category--veyries-gerard","7":"category-7-a-lire-actu","8":"category-activites-occitanes","9":"category-auteurs-contemporains","10":"category-icalanar","11":"category-occitanie","12":"category-tarn-e-garona-occitan","13":"tag-cathare","14":"tag-croisade","15":"tag-dieu","16":"tag-gerard-veyries","17":"tag-inquisition","18":"tag-occitania"},"jetpack_featured_media_url":"","jetpack_sharing_enabled":true,"_links":{"self":[{"href":"https:\/\/www.o-p-i.fr\/7alire\/wp-json\/wp\/v2\/posts\/4255","targetHints":{"allow":["GET"]}}],"collection":[{"href":"https:\/\/www.o-p-i.fr\/7alire\/wp-json\/wp\/v2\/posts"}],"about":[{"href":"https:\/\/www.o-p-i.fr\/7alire\/wp-json\/wp\/v2\/types\/post"}],"author":[{"embeddable":true,"href":"https:\/\/www.o-p-i.fr\/7alire\/wp-json\/wp\/v2\/users\/3"}],"replies":[{"embeddable":true,"href":"https:\/\/www.o-p-i.fr\/7alire\/wp-json\/wp\/v2\/comments?post=4255"}],"version-history":[{"count":7,"href":"https:\/\/www.o-p-i.fr\/7alire\/wp-json\/wp\/v2\/posts\/4255\/revisions"}],"predecessor-version":[{"id":4753,"href":"https:\/\/www.o-p-i.fr\/7alire\/wp-json\/wp\/v2\/posts\/4255\/revisions\/4753"}],"wp:attachment":[{"href":"https:\/\/www.o-p-i.fr\/7alire\/wp-json\/wp\/v2\/media?parent=4255"}],"wp:term":[{"taxonomy":"category","embeddable":true,"href":"https:\/\/www.o-p-i.fr\/7alire\/wp-json\/wp\/v2\/categories?post=4255"},{"taxonomy":"post_tag","embeddable":true,"href":"https:\/\/www.o-p-i.fr\/7alire\/wp-json\/wp\/v2\/tags?post=4255"},{"taxonomy":"author","embeddable":true,"href":"https:\/\/www.o-p-i.fr\/7alire\/wp-json\/wp\/v2\/coauthors?post=4255"}],"curies":[{"name":"wp","href":"https:\/\/api.w.org\/{rel}","templated":true}]}}