{"id":4286,"date":"2011-04-27T10:53:55","date_gmt":"2011-04-27T08:53:55","guid":{"rendered":"\/7alire\/?p=4286"},"modified":"2011-04-27T15:03:43","modified_gmt":"2011-04-27T13:03:43","slug":"auteurs-inscrits-au-salon-du-livre-de-negrepelisse-82-mai-2011","status":"publish","type":"post","link":"https:\/\/www.o-p-i.fr\/7alire\/7-a-lire-actu\/auteurs-inscrits-au-salon-du-livre-de-negrepelisse-82-mai-2011\/","title":{"rendered":"Auteurs inscrits au salon du livre de N\u00e8grepelisse (82) Mai 2011"},"content":{"rendered":"<p style=\"text-align: justify;\"><strong>Auteurs inscrits au salon du livre de N\u00e8grepelisse du dimanche 8 mai 2011<\/strong><br \/>\n<a title=\"En savoir +\" href=\"https:\/\/www.o-p-i.fr\/7alire\/category\/auteurs-contemporains\/claude-chappat\/\">Claude Chappat<\/a>, <a title=\"En savoir +\" href=\"https:\/\/www.o-p-i.fr\/7alire\/category\/auteurs-contemporains\/%C2%A9-auriol-jean-claude\/\">Jean-Claude Auriol<\/a>, <a title=\"En savoir +\" href=\"https:\/\/www.o-p-i.fr\/7alire\/category\/auteurs-contemporains\/%C2%A9-lombard-michel\/\">Michel Lombard<\/a>, Maxime Roumagnac, <a title=\"En savoir +\" href=\"https:\/\/www.o-p-i.fr\/7alire\/category\/auteurs-contemporains\/%C2%A9-poisot-jean-pierre\/\">Jean-Pierre Poisot<\/a>, <a title=\"En savoir +\" href=\"https:\/\/www.o-p-i.fr\/7alire\/category\/auteurs-contemporains\/%C2%A9-rannou-claude\/\">Claude Rannou<\/a>, <a title=\"En savoir +\" href=\"https:\/\/www.o-p-i.fr\/7alire\/category\/auteurs-contemporains\/%C2%A9-delpon-colette\/\">Colette Delpon<\/a>, <a title=\"En savoir +\" href=\"https:\/\/www.o-p-i.fr\/7alire\/category\/auteurs-contemporains\/%C2%A9-march-helen\/\">H\u00e9l\u00e8ne Marche<\/a>, <a title=\"En savoir +\" href=\"https:\/\/www.o-p-i.fr\/7alire\/actu_litteraires\/maisons-dedition\/hors-limite\/\">\u00c9ditions Hors Limite<\/a>, <a title=\"En savoir +\" href=\"https:\/\/www.o-p-i.fr\/7alire\/category\/auteurs-contemporains\/%C2%A9-vernhes-yves\/\">Yves Vernhes<\/a>, <a title=\"En savoir +\" href=\"https:\/\/www.o-p-i.fr\/7alire\/category\/auteurs-contemporains\/%C2%A9-campariol-fernand\/\">Fernand Campariol<\/a>, <a title=\"En savoir +\" href=\"https:\/\/www.o-p-i.fr\/7alire\/category\/auteurs-contemporains\/%C2%A9-lauzely-darbon-maite\/\">Marie-Th\u00e9r\u00e8se Lauzely Darbon<\/a>, <a title=\"En savoir +\" href=\"https:\/\/www.o-p-i.fr\/7alire\/category\/auteurs-contemporains\/%C2%A9-leininger-molinier-gilleric\/\">Gill\u00e9ric Leininger<\/a>, <a title=\"En savoir +\" href=\"https:\/\/www.o-p-i.fr\/7alire\/category\/auteurs-contemporains\/%C2%A9-biard-martine\/\">Martine Biard<\/a>, <a title=\"En savoir +\" href=\"https:\/\/www.o-p-i.fr\/7alire\/category\/auteurs-contemporains\/%C2%A9-malet-andre\/\">Andr\u00e9 Malet<\/a>, <a title=\"En savoir +\" href=\"https:\/\/www.o-p-i.fr\/7alire\/category\/auteurs-contemporains\/%C2%A9-durrieu-malet-jakie\/\">Jakie Durrieu Malet<\/a>, <a title=\"En savoir +\" href=\"https:\/\/www.o-p-i.fr\/7alire\/category\/auteurs-contemporains\/%C2%A9-caujolle-patrick\/\">Patrick Caujolle<\/a>,  <a title=\"En savoir +\" href=\"https:\/\/www.o-p-i.fr\/7alire\/category\/auteurs-contemporains\/%C2%A9-segura-marie-josee\/\">Marie-Jos\u00e9 S\u00e9gura<\/a>, <a title=\"En savoir +\" href=\"https:\/\/www.o-p-i.fr\/7alire\/category\/auteurs-contemporains\/adani-jean-pierre\/\">Jean-Pierre Adani<\/a>, <a title=\"En savoir +\" href=\"https:\/\/www.o-p-i.fr\/7alire\/category\/auteurs-contemporains\/%C2%A9-girard-pierre-yves\/\">Pierre Yves Girard<\/a>, <a title=\"En savoir +\" href=\"https:\/\/www.o-p-i.fr\/7alire\/category\/auteurs-contemporains\/%C2%A9-conton-julie-gerard\/\">Julie et G\u00e9rard Conton<\/a> (<a title=\"En savoir +\" href=\"https:\/\/www.o-p-i.fr\/7alire\/actu_litteraires\/maisons-dedition\/les-editions-memoires-du-monde\/\">M\u00e9moires du Monde<\/a>), <a title=\"En savoir +\" href=\"https:\/\/www.o-p-i.fr\/7alire\/category\/auteurs-contemporains\/%C2%A9-carivenc-beatrice\/\" target=\"_blank\">B\u00e9atrice Carivenc<\/a>, <a title=\"En savoir +\" href=\"https:\/\/www.o-p-i.fr\/7alire\/category\/auteurs-contemporains\/%C2%A9-amalthee\/\">Amalth\u00e9e<\/a>, <a title=\"En savoir +\" href=\"https:\/\/www.o-p-i.fr\/7alire\/category\/auteurs-contemporains\/%C2%A9-lombard-michel\/\">Michel Lombard<\/a>, <a title=\"En savoir +\" href=\"https:\/\/www.o-p-i.fr\/7alire\/category\/auteurs-contemporains\/%C2%A9-medrano-frederic\/\">Fr\u00e9d\u00e9ric M\u00e9drano<\/a>, <a title=\"En savoir +\" href=\"https:\/\/www.o-p-i.fr\/7alire\/category\/auteurs-contemporains\/%C2%A9-derrey-paule\/\">Paule Derrey<\/a>, <a title=\"En savoir +\" href=\"https:\/\/www.o-p-i.fr\/7alire\/category\/auteurs-contemporains\/%C2%A9-archambault-vanessa\/\">Vanessa Archambault<\/a>, <a title=\"Ouvre le site dans une nouvelle fen\u00eatre\" href=\"https:\/\/www.o-p-i.fr\/7alire\/category\/auteurs-contemporains\/%C2%A9-boye-jacqueline\/\" target=\"_blank\">Jacqueline Boy\u00e9<\/a>, <a title=\"En savoir +\" href=\"https:\/\/www.o-p-i.fr\/7alire\/category\/auteurs-contemporains\/%C2%A9-berthes-colette\/\">Colette Berthes<\/a>, <a title=\"En savoir +\" href=\"https:\/\/www.o-p-i.fr\/7alire\/category\/auteurs-contemporains\/%C2%A9-piazza-veronique\/\">V\u00e9ronique Piazza<\/a>, <a title=\"En savoir +\" href=\"https:\/\/www.o-p-i.fr\/7alire\/category\/auteurs-contemporains\/%C2%A9-pourieux-laurence\/\">Laurence Pourieux<\/a>, <a title=\"En savoir +\" href=\"https:\/\/www.o-p-i.fr\/7alire\/category\/auteurs-contemporains\/%C2%A9-penard-sylviane\/\">Sylviane P\u00e9nard<\/a>, <a title=\"En savoir +\" href=\"https:\/\/www.o-p-i.fr\/7alire\/category\/auteurs-contemporains\/%C2%A9-anirepoque-serge\/\">Serge Anir\u00e9poque<\/a>, <a title=\"Ouvre le site dans une nouvelle fen\u00eatre\" href=\"https:\/\/www.o-p-i.fr\/7alire\/category\/auteurs-contemporains\/%C2%A9-polve-catherine\/\">Catherine Polv\u00e9<\/a>, <a title=\"En savoir +\" href=\"https:\/\/www.o-p-i.fr\/7alire\/category\/auteurs-contemporains\/%C2%A9-corlouer-luc\/\">Luc Corlou\u00ebr<\/a>, <a title=\"En savoir +\" href=\"https:\/\/www.o-p-i.fr\/7alire\/category\/auteurs-contemporains\/%C2%A9-malet-andre\/\">Andr\u00e9 Malet<\/a>, <a title=\"En savoir +\" href=\"https:\/\/www.o-p-i.fr\/7alire\/category\/auteurs-contemporains\/%C2%A9-durrieu-malet-jakie\/\">Jackie Durrieu Malet<\/a>, Jean-Paul Damaggio (<a title=\"En savoir +\" href=\"https:\/\/www.o-p-i.fr\/7alire\/actu_litteraires\/maisons-dedition\/la-brochure\/\">Editions La Brochure<\/a>), <a title=\"En savoir +\" href=\"https:\/\/www.o-p-i.fr\/7alire\/category\/auteurs-contemporains\/%C2%A9-rey-nadal\/\">Nadal Rey<\/a>.<\/p>\n<p style=\"text-align: justify;\">Pr\u00e9sentation des auteurs en rouge\u00a0 sur le site, Rubrique <em>\u00a7\u00a0Auteurs<\/em><\/p>\n","protected":false},"excerpt":{"rendered":"<div class=\"mh-excerpt\">Auteurs inscrits au salon du livre de N\u00e8grepelisse du dimanche 8 mai 2011 Claude Chappat, Jean-Claude Auriol, Michel Lombard, Maxime Roumagnac, Jean-Pierre Poisot, Claude Rannou, Colette Delpon, H\u00e9l\u00e8ne Marche, \u00c9ditions Hors Limite, Yves Vernhes, Fernand <a class=\"mh-excerpt-more\" href=\"https:\/\/www.o-p-i.fr\/7alire\/7-a-lire-actu\/auteurs-inscrits-au-salon-du-livre-de-negrepelisse-82-mai-2011\/\" title=\"Auteurs inscrits au salon du livre de N\u00e8grepelisse (82) Mai 2011\">[&#8230;]<\/a><\/div>\n","protected":false},"author":3,"featured_media":0,"comment_status":"open","ping_status":"open","sticky":false,"template":"","format":"standard","meta":{"_jetpack_memberships_contains_paid_content":false,"footnotes":"","_links_to":"","_links_to_target":""},"categories":[3,15,14],"tags":[607,359,305,495],"coauthors":[],"class_list":{"0":"post-4286","1":"post","2":"type-post","3":"status-publish","4":"format-standard","6":"category-7-a-lire-actu","7":"category-dedicaces","8":"category-salon-du-livre-7-a-lire-actu","9":"tag-7-a-lire","10":"tag-auteurs","11":"tag-negrepelisse","12":"tag-salon"},"jetpack_featured_media_url":"","jetpack_sharing_enabled":true,"_links":{"self":[{"href":"https:\/\/www.o-p-i.fr\/7alire\/wp-json\/wp\/v2\/posts\/4286","targetHints":{"allow":["GET"]}}],"collection":[{"href":"https:\/\/www.o-p-i.fr\/7alire\/wp-json\/wp\/v2\/posts"}],"about":[{"href":"https:\/\/www.o-p-i.fr\/7alire\/wp-json\/wp\/v2\/types\/post"}],"author":[{"embeddable":true,"href":"https:\/\/www.o-p-i.fr\/7alire\/wp-json\/wp\/v2\/users\/3"}],"replies":[{"embeddable":true,"href":"https:\/\/www.o-p-i.fr\/7alire\/wp-json\/wp\/v2\/comments?post=4286"}],"version-history":[{"count":9,"href":"https:\/\/www.o-p-i.fr\/7alire\/wp-json\/wp\/v2\/posts\/4286\/revisions"}],"predecessor-version":[{"id":4288,"href":"https:\/\/www.o-p-i.fr\/7alire\/wp-json\/wp\/v2\/posts\/4286\/revisions\/4288"}],"wp:attachment":[{"href":"https:\/\/www.o-p-i.fr\/7alire\/wp-json\/wp\/v2\/media?parent=4286"}],"wp:term":[{"taxonomy":"category","embeddable":true,"href":"https:\/\/www.o-p-i.fr\/7alire\/wp-json\/wp\/v2\/categories?post=4286"},{"taxonomy":"post_tag","embeddable":true,"href":"https:\/\/www.o-p-i.fr\/7alire\/wp-json\/wp\/v2\/tags?post=4286"},{"taxonomy":"author","embeddable":true,"href":"https:\/\/www.o-p-i.fr\/7alire\/wp-json\/wp\/v2\/coauthors?post=4286"}],"curies":[{"name":"wp","href":"https:\/\/api.w.org\/{rel}","templated":true}]}}