{"id":4482,"date":"2011-03-29T12:38:46","date_gmt":"2011-03-29T10:38:46","guid":{"rendered":"\/7alire\/?p=4482"},"modified":"2011-03-29T12:38:46","modified_gmt":"2011-03-29T10:38:46","slug":"accueillir-une-etudiante-autrichienne-dans-vaucluse-matin","status":"publish","type":"post","link":"https:\/\/www.o-p-i.fr\/7alire\/occitanie\/autriche_pays_oc\/accueillir-une-etudiante-autrichienne-dans-vaucluse-matin\/","title":{"rendered":"\u00ab\u00a0Accueillir une \u00e9tudiante autrichienne\u00a0\u00bb dans Vaucluse Matin"},"content":{"rendered":"<p><em>\u00ab\u00a0Pourquoi cet \u00e9t\u00e9 ne pas accueillir chez vous une \u00e9tudiante autrichienne ? L\u2019Union europ\u00e9enne, c\u2019est aussi \u00e7a : \u0153uvrer au rapprochement des cultures et \u00e0 l\u2019ouverture.\u00a0\u00bb<\/em><\/p>\n<p><a href=\"https:\/\/www.o-p-i.fr\/7alire\/wp-content\/uploads\/auticheetpaysdoc_vauclusematin.pdf\">Lire la suite de l&rsquo;article paru dans VAUCLUSE MATIN du Jeudi 24 mars 2011<\/a><\/p>\n","protected":false},"excerpt":{"rendered":"<div class=\"mh-excerpt\">\u00ab\u00a0Pourquoi cet \u00e9t\u00e9 ne pas accueillir chez vous une \u00e9tudiante autrichienne ? L\u2019Union europ\u00e9enne, c\u2019est aussi \u00e7a : \u0153uvrer au rapprochement des cultures et \u00e0 l\u2019ouverture.\u00a0\u00bb Lire la suite de l&rsquo;article paru dans VAUCLUSE MATIN <a class=\"mh-excerpt-more\" href=\"https:\/\/www.o-p-i.fr\/7alire\/occitanie\/autriche_pays_oc\/accueillir-une-etudiante-autrichienne-dans-vaucluse-matin\/\" title=\"\u00ab\u00a0Accueillir une \u00e9tudiante autrichienne\u00a0\u00bb dans Vaucluse Matin\">[&#8230;]<\/a><\/div>\n","protected":false},"author":2,"featured_media":0,"comment_status":"open","ping_status":"open","sticky":false,"template":"","format":"standard","meta":{"_jetpack_memberships_contains_paid_content":false,"footnotes":"","_links_to":"","_links_to_target":""},"categories":[28,324,328,327],"tags":[323,334,261,322],"coauthors":[],"class_list":{"0":"post-4482","1":"post","2":"type-post","3":"status-publish","4":"format-standard","6":"category-autriche_pays_oc","7":"category-echange","8":"category-inscription-partie-etudiante","9":"category-inscription-partie-famille-daccueil","10":"tag-accueil","11":"tag-autriche","12":"tag-autriche-et-pays-doc","13":"tag-famille-daccueil"},"jetpack_featured_media_url":"","jetpack_sharing_enabled":true,"_links":{"self":[{"href":"https:\/\/www.o-p-i.fr\/7alire\/wp-json\/wp\/v2\/posts\/4482","targetHints":{"allow":["GET"]}}],"collection":[{"href":"https:\/\/www.o-p-i.fr\/7alire\/wp-json\/wp\/v2\/posts"}],"about":[{"href":"https:\/\/www.o-p-i.fr\/7alire\/wp-json\/wp\/v2\/types\/post"}],"author":[{"embeddable":true,"href":"https:\/\/www.o-p-i.fr\/7alire\/wp-json\/wp\/v2\/users\/2"}],"replies":[{"embeddable":true,"href":"https:\/\/www.o-p-i.fr\/7alire\/wp-json\/wp\/v2\/comments?post=4482"}],"version-history":[{"count":2,"href":"https:\/\/www.o-p-i.fr\/7alire\/wp-json\/wp\/v2\/posts\/4482\/revisions"}],"predecessor-version":[{"id":4485,"href":"https:\/\/www.o-p-i.fr\/7alire\/wp-json\/wp\/v2\/posts\/4482\/revisions\/4485"}],"wp:attachment":[{"href":"https:\/\/www.o-p-i.fr\/7alire\/wp-json\/wp\/v2\/media?parent=4482"}],"wp:term":[{"taxonomy":"category","embeddable":true,"href":"https:\/\/www.o-p-i.fr\/7alire\/wp-json\/wp\/v2\/categories?post=4482"},{"taxonomy":"post_tag","embeddable":true,"href":"https:\/\/www.o-p-i.fr\/7alire\/wp-json\/wp\/v2\/tags?post=4482"},{"taxonomy":"author","embeddable":true,"href":"https:\/\/www.o-p-i.fr\/7alire\/wp-json\/wp\/v2\/coauthors?post=4482"}],"curies":[{"name":"wp","href":"https:\/\/api.w.org\/{rel}","templated":true}]}}