{"id":4783,"date":"2011-06-16T14:52:51","date_gmt":"2011-06-16T12:52:51","guid":{"rendered":"\/7alire\/?p=4783"},"modified":"2011-06-16T16:46:56","modified_gmt":"2011-06-16T14:46:56","slug":"la-bete-du-gevaudan-valerie-blachere","status":"publish","type":"post","link":"https:\/\/www.o-p-i.fr\/7alire\/7-a-lire-actu\/la-bete-du-gevaudan-valerie-blachere\/","title":{"rendered":"\u00ab\u00a0La B\u00eate du G\u00e9vaudan\u00a0\u00bb Val\u00e9rie BLACHERE"},"content":{"rendered":"<figure id=\"attachment_4786\" aria-describedby=\"caption-attachment-4786\" style=\"width: 200px\" class=\"wp-caption alignleft\"><a href=\"https:\/\/www.o-p-i.fr\/7alire\/wp-content\/uploads\/couv_gevaudan.jpg\"><img loading=\"lazy\" decoding=\"async\" class=\"size-full wp-image-4786\" title=\"Val\u00e9rie Blach\u00e8re\" src=\"https:\/\/www.o-p-i.fr\/7alire\/wp-content\/uploads\/couv_gevaudan.jpg\" alt=\"Val\u00e9rie Blach\u00e8re\" width=\"200\" height=\"296\" \/><\/a><figcaption id=\"caption-attachment-4786\" class=\"wp-caption-text\">Val\u00e9rie Blach\u00e8re<\/figcaption><\/figure>\n<p>Au XVII\u00e8me si\u00e8cle ,  en  G\u00e9vaudan,  une b\u00eate f\u00e9roce apparent\u00e9e \u00e0 un \u00e9norme loup a terroris\u00e9 toute la r\u00e9gion  (Loz\u00e8re  et environs). On n&rsquo;a jamais pu l&rsquo;identifier formellement, et plusieurs versions ont \u00e9t\u00e9 propos\u00e9es .<\/p>\n<p>C&rsquo;est  devenu une l\u00e9gende .<\/p>\n<p>Le  livre raconte l&rsquo;histoire (vraie) d&rsquo;une petite fille emport\u00e9e par la b\u00eate<br \/>\n<em>Pour enfants jusqu&rsquo;\u00e0 11 a- 12 ans<\/em><\/p>\n<p><span style=\"color: #003366;\"><em>ISBN : 978-2-9530403-3-3 &#8211; Prix : 12\u20ac &#8211; format 19\/26 &#8211; couverture cartonn\u00e9e<\/em><\/span><\/p>\n","protected":false},"excerpt":{"rendered":"<div class=\"mh-excerpt\">Au XVII\u00e8me si\u00e8cle , en G\u00e9vaudan, une b\u00eate f\u00e9roce apparent\u00e9e \u00e0 un \u00e9norme loup a terroris\u00e9 toute la r\u00e9gion (Loz\u00e8re et environs). On n&rsquo;a jamais pu l&rsquo;identifier formellement, et plusieurs versions ont \u00e9t\u00e9 propos\u00e9es . <a class=\"mh-excerpt-more\" href=\"https:\/\/www.o-p-i.fr\/7alire\/7-a-lire-actu\/la-bete-du-gevaudan-valerie-blachere\/\" title=\"\u00ab\u00a0La B\u00eate du G\u00e9vaudan\u00a0\u00bb Val\u00e9rie BLACHERE\">[&#8230;]<\/a><\/div>\n","protected":false},"author":3,"featured_media":0,"comment_status":"open","ping_status":"open","sticky":false,"template":"","format":"standard","meta":{"_jetpack_memberships_contains_paid_content":false,"footnotes":"","_links_to":"","_links_to_target":""},"categories":[72,66,3],"tags":[997,999,996,998,73],"coauthors":[],"class_list":{"0":"post-4783","1":"post","2":"type-post","3":"status-publish","4":"format-standard","6":"category--blachere-valerie","7":"category-7-a-lire-pour-les-enfants","8":"category-7-a-lire-actu","9":"tag-bete","10":"tag-feroce","11":"tag-gevaudan","12":"tag-loup","13":"tag-valerie-blachere"},"jetpack_featured_media_url":"","jetpack_sharing_enabled":true,"_links":{"self":[{"href":"https:\/\/www.o-p-i.fr\/7alire\/wp-json\/wp\/v2\/posts\/4783","targetHints":{"allow":["GET"]}}],"collection":[{"href":"https:\/\/www.o-p-i.fr\/7alire\/wp-json\/wp\/v2\/posts"}],"about":[{"href":"https:\/\/www.o-p-i.fr\/7alire\/wp-json\/wp\/v2\/types\/post"}],"author":[{"embeddable":true,"href":"https:\/\/www.o-p-i.fr\/7alire\/wp-json\/wp\/v2\/users\/3"}],"replies":[{"embeddable":true,"href":"https:\/\/www.o-p-i.fr\/7alire\/wp-json\/wp\/v2\/comments?post=4783"}],"version-history":[{"count":5,"href":"https:\/\/www.o-p-i.fr\/7alire\/wp-json\/wp\/v2\/posts\/4783\/revisions"}],"predecessor-version":[{"id":4785,"href":"https:\/\/www.o-p-i.fr\/7alire\/wp-json\/wp\/v2\/posts\/4783\/revisions\/4785"}],"wp:attachment":[{"href":"https:\/\/www.o-p-i.fr\/7alire\/wp-json\/wp\/v2\/media?parent=4783"}],"wp:term":[{"taxonomy":"category","embeddable":true,"href":"https:\/\/www.o-p-i.fr\/7alire\/wp-json\/wp\/v2\/categories?post=4783"},{"taxonomy":"post_tag","embeddable":true,"href":"https:\/\/www.o-p-i.fr\/7alire\/wp-json\/wp\/v2\/tags?post=4783"},{"taxonomy":"author","embeddable":true,"href":"https:\/\/www.o-p-i.fr\/7alire\/wp-json\/wp\/v2\/coauthors?post=4783"}],"curies":[{"name":"wp","href":"https:\/\/api.w.org\/{rel}","templated":true}]}}