{"id":4911,"date":"2011-07-05T11:23:50","date_gmt":"2011-07-05T09:23:50","guid":{"rendered":"\/7alire\/?p=4911"},"modified":"2011-07-28T17:06:05","modified_gmt":"2011-07-28T15:06:05","slug":"cuisine-portugaise-eve-marinone-editions-edisud-1999","status":"publish","type":"post","link":"https:\/\/www.o-p-i.fr\/7alire\/7-a-lire-actu\/cuisine-portugaise-eve-marinone-editions-edisud-1999\/","title":{"rendered":"\u00ab\u00a0Cuisine portugaise\u00a0\u00bb Eve Marinone. Editions Edisud 1999"},"content":{"rendered":"<p style=\"text-align: justify;\">\n<figure id=\"attachment_4956\" aria-describedby=\"caption-attachment-4956\" style=\"width: 134px\" class=\"wp-caption alignleft\"><img loading=\"lazy\" decoding=\"async\" class=\"size-full wp-image-4956\" title=\"Eve Marinone\" src=\"https:\/\/www.o-p-i.fr\/7alire\/wp-content\/uploads\/couv_cuisineportugaise1.jpg\" alt=\"Eve Marinone\" width=\"134\" height=\"200\" \/><figcaption id=\"caption-attachment-4956\" class=\"wp-caption-text\">Eve Marinone<\/figcaption><\/figure>\n<p style=\"text-align: justify;\">Dans la ligne de la collection \u00ab\u00a0Voyages gourmands\u00a0\u00bb, Evelyne Marty-Marinone \u00e0 rapport\u00e9 de ses nombreux s\u00e9jours au Portugal un ensemble de recettes portugaises traditionnelles qui sont transmises de g\u00e9n\u00e9ration en g\u00e9n\u00e9ration au sein des familles.<br \/>\nDepuis longtemps d\u00e9j\u00e0, la cuisine portugaise s&rsquo;est fait conna\u00eetre hors de ses fronti\u00e8res gr\u00e2ce \u00e0 des recettes \u00e0 base de morue : cette image est rest\u00e9e fig\u00e9e.<br \/>\nA l&rsquo;heure de l&rsquo;Union Europ\u00e9enne, il est grand temps de d\u00e9couvrir les autres saveurs de ce pays ami.<br \/>\nC&rsquo;est ce que l&rsquo;auteur s&rsquo;est efforc\u00e9 de faire \u00e0 travers ce livre qui rassemble quelques aper\u00e7us de plats typiques traditionnels.<br \/>\nEn majorit\u00e9 d&rsquo;influence m\u00e9diterran\u00e9enne, ils sont pourtant parsem\u00e9s de touches d&rsquo;exotisme apport\u00e9es par de grands voyageurs comme Vasco de Gama.<br \/>\nEn effet, si les Maures d&rsquo;Afrique du Nord ont fait conna\u00eetre, entre autres choses, l&rsquo;orange, le melon et la canne \u00e0 sucre, le grand explorateur a lui, introduit dans le pays les \u00e9pices des Indes comme le poivre, la cannelle, la coriandre en provenance des C\u00f4tes de Malabar.<\/p>\n<p style=\"text-align: justify;\"><span style=\"color: #003366;\"><em>Broch\u00e9 &#8211; 160 pages &#8211; \u00c9ditions EDISUD 1999 &#8211; 13,00 \u20ac- TTC &#8211; ISBN 2-74490-051-6 &#8211; <\/em><\/span><\/p>\n","protected":false},"excerpt":{"rendered":"<div class=\"mh-excerpt\">Dans la ligne de la collection \u00ab\u00a0Voyages gourmands\u00a0\u00bb, Evelyne Marty-Marinone \u00e0 rapport\u00e9 de ses nombreux s\u00e9jours au Portugal un ensemble de recettes portugaises traditionnelles qui sont transmises de g\u00e9n\u00e9ration en g\u00e9n\u00e9ration au sein des familles. <a class=\"mh-excerpt-more\" href=\"https:\/\/www.o-p-i.fr\/7alire\/7-a-lire-actu\/cuisine-portugaise-eve-marinone-editions-edisud-1999\/\" title=\"\u00ab\u00a0Cuisine portugaise\u00a0\u00bb Eve Marinone. Editions Edisud 1999\">[&#8230;]<\/a><\/div>\n","protected":false},"author":3,"featured_media":0,"comment_status":"open","ping_status":"open","sticky":false,"template":"","format":"standard","meta":{"_jetpack_memberships_contains_paid_content":false,"footnotes":"","_links_to":"","_links_to_target":""},"categories":[1051,3,4,68],"tags":[3638,1030,1036,1037],"coauthors":[],"class_list":{"0":"post-4911","1":"post","2":"type-post","3":"status-publish","4":"format-standard","6":"category--marinone-eve","7":"category-7-a-lire-actu","8":"category-auteurs-contemporains","9":"category-cuisine","10":"tag-cuisine","11":"tag-eve-marinone","12":"tag-portugal","13":"tag-saveur"},"jetpack_featured_media_url":"","jetpack_sharing_enabled":true,"_links":{"self":[{"href":"https:\/\/www.o-p-i.fr\/7alire\/wp-json\/wp\/v2\/posts\/4911","targetHints":{"allow":["GET"]}}],"collection":[{"href":"https:\/\/www.o-p-i.fr\/7alire\/wp-json\/wp\/v2\/posts"}],"about":[{"href":"https:\/\/www.o-p-i.fr\/7alire\/wp-json\/wp\/v2\/types\/post"}],"author":[{"embeddable":true,"href":"https:\/\/www.o-p-i.fr\/7alire\/wp-json\/wp\/v2\/users\/3"}],"replies":[{"embeddable":true,"href":"https:\/\/www.o-p-i.fr\/7alire\/wp-json\/wp\/v2\/comments?post=4911"}],"version-history":[{"count":6,"href":"https:\/\/www.o-p-i.fr\/7alire\/wp-json\/wp\/v2\/posts\/4911\/revisions"}],"predecessor-version":[{"id":4913,"href":"https:\/\/www.o-p-i.fr\/7alire\/wp-json\/wp\/v2\/posts\/4911\/revisions\/4913"}],"wp:attachment":[{"href":"https:\/\/www.o-p-i.fr\/7alire\/wp-json\/wp\/v2\/media?parent=4911"}],"wp:term":[{"taxonomy":"category","embeddable":true,"href":"https:\/\/www.o-p-i.fr\/7alire\/wp-json\/wp\/v2\/categories?post=4911"},{"taxonomy":"post_tag","embeddable":true,"href":"https:\/\/www.o-p-i.fr\/7alire\/wp-json\/wp\/v2\/tags?post=4911"},{"taxonomy":"author","embeddable":true,"href":"https:\/\/www.o-p-i.fr\/7alire\/wp-json\/wp\/v2\/coauthors?post=4911"}],"curies":[{"name":"wp","href":"https:\/\/api.w.org\/{rel}","templated":true}]}}