{"id":5018,"date":"2011-07-30T12:34:05","date_gmt":"2011-07-30T10:34:05","guid":{"rendered":"\/7alire\/?p=5018"},"modified":"2011-07-30T12:34:05","modified_gmt":"2011-07-30T10:34:05","slug":"salon-du-livre-a-najac-12","status":"publish","type":"post","link":"https:\/\/www.o-p-i.fr\/7alire\/7-a-lire-actu\/salon-du-livre-a-najac-12\/","title":{"rendered":"Salon du Livre \u00e0 Najac (12)"},"content":{"rendered":"<p>L&rsquo;association A livre ouvert organise un Salon du Livre le <span style=\"color: #99cc00;\"><strong>Dimanche 7 Aout 2011<\/strong><\/span> \u00e0 Najac dans l&rsquo;Aveyron.<\/p>\n<figure id=\"attachment_5019\" aria-describedby=\"caption-attachment-5019\" style=\"width: 500px\" class=\"wp-caption aligncenter\"><img loading=\"lazy\" decoding=\"async\" class=\"size-full wp-image-5019\" title=\"Najac (12)\" src=\"https:\/\/www.o-p-i.fr\/7alire\/wp-content\/uploads\/affiche_salon_najac.jpg\" alt=\"Najac (12)\" width=\"500\" height=\"707\" srcset=\"https:\/\/www.o-p-i.fr\/7alire\/wp-content\/uploads\/affiche_salon_najac.jpg 500w, https:\/\/www.o-p-i.fr\/7alire\/wp-content\/uploads\/affiche_salon_najac-212x300.jpg 212w\" sizes=\"auto, (max-width: 500px) 100vw, 500px\" \/><figcaption id=\"caption-attachment-5019\" class=\"wp-caption-text\">Najac (12)<\/figcaption><\/figure>\n<p>Il reste deux places de libres pour les auteurs int\u00e9ress\u00e9s.<\/p>\n<p><span style=\"color: #99cc00;\"><strong>Contact :<\/strong><\/span> Association A livre ouvert<br \/>\nT\u00e9l. : 05 65 29 79 98<\/p>\n","protected":false},"excerpt":{"rendered":"<div class=\"mh-excerpt\">L&rsquo;association A livre ouvert organise un Salon du Livre le Dimanche 7 Aout 2011 \u00e0 Najac dans l&rsquo;Aveyron. Il reste deux places de libres pour les auteurs int\u00e9ress\u00e9s. Contact : Association A livre ouvert T\u00e9l. <a class=\"mh-excerpt-more\" href=\"https:\/\/www.o-p-i.fr\/7alire\/7-a-lire-actu\/salon-du-livre-a-najac-12\/\" title=\"Salon du Livre \u00e0 Najac (12)\">[&#8230;]<\/a><\/div>\n","protected":false},"author":2,"featured_media":0,"comment_status":"open","ping_status":"open","sticky":false,"template":"","format":"standard","meta":{"_jetpack_memberships_contains_paid_content":false,"footnotes":"","_links_to":"","_links_to_target":""},"categories":[3,14],"tags":[48,1063,9],"coauthors":[],"class_list":{"0":"post-5018","1":"post","2":"type-post","3":"status-publish","4":"format-standard","6":"category-7-a-lire-actu","7":"category-salon-du-livre-7-a-lire-actu","8":"tag-auteur","9":"tag-najac","10":"tag-salon-du-livre"},"jetpack_featured_media_url":"","jetpack_sharing_enabled":true,"_links":{"self":[{"href":"https:\/\/www.o-p-i.fr\/7alire\/wp-json\/wp\/v2\/posts\/5018","targetHints":{"allow":["GET"]}}],"collection":[{"href":"https:\/\/www.o-p-i.fr\/7alire\/wp-json\/wp\/v2\/posts"}],"about":[{"href":"https:\/\/www.o-p-i.fr\/7alire\/wp-json\/wp\/v2\/types\/post"}],"author":[{"embeddable":true,"href":"https:\/\/www.o-p-i.fr\/7alire\/wp-json\/wp\/v2\/users\/2"}],"replies":[{"embeddable":true,"href":"https:\/\/www.o-p-i.fr\/7alire\/wp-json\/wp\/v2\/comments?post=5018"}],"version-history":[{"count":1,"href":"https:\/\/www.o-p-i.fr\/7alire\/wp-json\/wp\/v2\/posts\/5018\/revisions"}],"predecessor-version":[{"id":5023,"href":"https:\/\/www.o-p-i.fr\/7alire\/wp-json\/wp\/v2\/posts\/5018\/revisions\/5023"}],"wp:attachment":[{"href":"https:\/\/www.o-p-i.fr\/7alire\/wp-json\/wp\/v2\/media?parent=5018"}],"wp:term":[{"taxonomy":"category","embeddable":true,"href":"https:\/\/www.o-p-i.fr\/7alire\/wp-json\/wp\/v2\/categories?post=5018"},{"taxonomy":"post_tag","embeddable":true,"href":"https:\/\/www.o-p-i.fr\/7alire\/wp-json\/wp\/v2\/tags?post=5018"},{"taxonomy":"author","embeddable":true,"href":"https:\/\/www.o-p-i.fr\/7alire\/wp-json\/wp\/v2\/coauthors?post=5018"}],"curies":[{"name":"wp","href":"https:\/\/api.w.org\/{rel}","templated":true}]}}