{"id":5044,"date":"2011-08-04T12:55:01","date_gmt":"2011-08-04T10:55:01","guid":{"rendered":"\/7alire\/?p=5044"},"modified":"2011-08-04T12:55:01","modified_gmt":"2011-08-04T10:55:01","slug":"autrefois-negrepelisse-des-annees-1900-aux-annees-1960","status":"publish","type":"post","link":"https:\/\/www.o-p-i.fr\/7alire\/7-a-lire-actu\/autrefois-negrepelisse-des-annees-1900-aux-annees-1960\/","title":{"rendered":"Autrefois, N\u00e8grepelisse. Des ann\u00e9es 1900 aux ann\u00e9es 1960"},"content":{"rendered":"<p><img loading=\"lazy\" decoding=\"async\" class=\"aligncenter size-full wp-image-5045\" title=\"couv_negrepelisse\" src=\"https:\/\/www.o-p-i.fr\/7alire\/wp-content\/uploads\/couv_negrepelisse.jpg\" alt=\"couv_negrepelisse\" width=\"644\" height=\"484\" srcset=\"https:\/\/www.o-p-i.fr\/7alire\/wp-content\/uploads\/couv_negrepelisse.jpg 644w, https:\/\/www.o-p-i.fr\/7alire\/wp-content\/uploads\/couv_negrepelisse-300x225.jpg 300w\" sizes=\"auto, (max-width: 644px) 100vw, 644px\" \/><\/p>\n<p><em>Communiqu\u00e9 de Aurore  Deffr\u00e8ne, charg\u00e9e de communication, des affaires culturelles et du Tourisme de  la mairie de  N\u00e8grepelisse<\/em><\/p>\n","protected":false},"excerpt":{"rendered":"<div class=\"mh-excerpt\">Communiqu\u00e9 de Aurore Deffr\u00e8ne, charg\u00e9e de communication, des affaires culturelles et du Tourisme de la mairie de N\u00e8grepelisse<\/div>\n","protected":false},"author":2,"featured_media":0,"comment_status":"open","ping_status":"open","sticky":false,"template":"","format":"standard","meta":{"_jetpack_memberships_contains_paid_content":false,"footnotes":"","_links_to":"","_links_to_target":""},"categories":[3],"tags":[124,496,305],"coauthors":[],"class_list":{"0":"post-5044","1":"post","2":"type-post","3":"status-publish","4":"format-standard","6":"category-7-a-lire-actu","7":"tag-histoire","8":"tag-livre","9":"tag-negrepelisse"},"jetpack_featured_media_url":"","jetpack_sharing_enabled":true,"_links":{"self":[{"href":"https:\/\/www.o-p-i.fr\/7alire\/wp-json\/wp\/v2\/posts\/5044","targetHints":{"allow":["GET"]}}],"collection":[{"href":"https:\/\/www.o-p-i.fr\/7alire\/wp-json\/wp\/v2\/posts"}],"about":[{"href":"https:\/\/www.o-p-i.fr\/7alire\/wp-json\/wp\/v2\/types\/post"}],"author":[{"embeddable":true,"href":"https:\/\/www.o-p-i.fr\/7alire\/wp-json\/wp\/v2\/users\/2"}],"replies":[{"embeddable":true,"href":"https:\/\/www.o-p-i.fr\/7alire\/wp-json\/wp\/v2\/comments?post=5044"}],"version-history":[{"count":2,"href":"https:\/\/www.o-p-i.fr\/7alire\/wp-json\/wp\/v2\/posts\/5044\/revisions"}],"predecessor-version":[{"id":5047,"href":"https:\/\/www.o-p-i.fr\/7alire\/wp-json\/wp\/v2\/posts\/5044\/revisions\/5047"}],"wp:attachment":[{"href":"https:\/\/www.o-p-i.fr\/7alire\/wp-json\/wp\/v2\/media?parent=5044"}],"wp:term":[{"taxonomy":"category","embeddable":true,"href":"https:\/\/www.o-p-i.fr\/7alire\/wp-json\/wp\/v2\/categories?post=5044"},{"taxonomy":"post_tag","embeddable":true,"href":"https:\/\/www.o-p-i.fr\/7alire\/wp-json\/wp\/v2\/tags?post=5044"},{"taxonomy":"author","embeddable":true,"href":"https:\/\/www.o-p-i.fr\/7alire\/wp-json\/wp\/v2\/coauthors?post=5044"}],"curies":[{"name":"wp","href":"https:\/\/api.w.org\/{rel}","templated":true}]}}