{"id":5090,"date":"2011-08-08T18:22:32","date_gmt":"2011-08-08T16:22:32","guid":{"rendered":"\/7alire\/?p=5090"},"modified":"2011-08-08T18:22:32","modified_gmt":"2011-08-08T16:22:32","slug":"grande-exposition-sur-les-pigeonniers-a-lombers","status":"publish","type":"post","link":"https:\/\/www.o-p-i.fr\/7alire\/7-a-lire-actu\/grande-exposition-sur-les-pigeonniers-a-lombers\/","title":{"rendered":"Grande exposition sur les pigeonniers \u00e0 Lombers."},"content":{"rendered":"<p><span style=\"color: #800000;\"><strong>Du 17 au 25 Septembre 2011 \u00e0 Lombers (81)<\/strong><\/span> se tiendra la 2\u00e8me \u00e9dition de l&rsquo;exposition sur les pigeonniers.<\/p>\n<p style=\"text-align: center;\">\n<figure id=\"attachment_5091\" aria-describedby=\"caption-attachment-5091\" style=\"width: 500px\" class=\"wp-caption aligncenter\"><a href=\"http:\/\/www.tarninfo.com\/tarn-avec-plaisir-rubrique2.html?PHPSESSID=6d71bde148a98edcb4765eeeb290e8eb\"><img loading=\"lazy\" decoding=\"async\" class=\"size-full wp-image-5091 \" title=\"Lombers (81)\" src=\"https:\/\/www.o-p-i.fr\/7alire\/wp-content\/uploads\/affiche-pigeonnier.jpg\" alt=\"Lombers (81)\" width=\"500\" height=\"755\" srcset=\"https:\/\/www.o-p-i.fr\/7alire\/wp-content\/uploads\/affiche-pigeonnier.jpg 500w, https:\/\/www.o-p-i.fr\/7alire\/wp-content\/uploads\/affiche-pigeonnier-198x300.jpg 198w\" sizes=\"auto, (max-width: 500px) 100vw, 500px\" \/><\/a><figcaption id=\"caption-attachment-5091\" class=\"wp-caption-text\">Lombers (81)<\/figcaption><\/figure>\n<p style=\"text-align: left;\">D\u00e9couvrez le programme sur le site <a title=\"Ouvre le site dans une nouvelle fen\u00eatre\" href=\"http:\/\/www.tarninfo.com\/tarn-avec-plaisir-rubrique2.html?PHPSESSID=6d71bde148a98edcb4765eeeb290e8eb\" target=\"_blank\">Le Tarn avec plaisir<\/a>.<\/p>\n<p style=\"text-align: center;\">\n","protected":false},"excerpt":{"rendered":"<div class=\"mh-excerpt\">Du 17 au 25 Septembre 2011 \u00e0 Lombers (81) se tiendra la 2\u00e8me \u00e9dition de l&rsquo;exposition sur les pigeonniers. D\u00e9couvrez le programme sur le site Le Tarn avec plaisir.<\/div>\n","protected":false},"author":2,"featured_media":0,"comment_status":"open","ping_status":"open","sticky":false,"template":"","format":"standard","meta":{"_jetpack_memberships_contains_paid_content":false,"footnotes":"","_links_to":"","_links_to_target":""},"categories":[178,3],"tags":[419,698,175,176,179,71],"coauthors":[],"class_list":{"0":"post-5090","1":"post","2":"type-post","3":"status-publish","4":"format-standard","6":"category--lucien-michel","7":"category-7-a-lire-actu","8":"tag-expo","9":"tag-exposition","10":"tag-michel-lucien","11":"tag-pigeonnier","12":"tag-pigeonniers","13":"tag-tarn"},"jetpack_featured_media_url":"","jetpack_sharing_enabled":true,"_links":{"self":[{"href":"https:\/\/www.o-p-i.fr\/7alire\/wp-json\/wp\/v2\/posts\/5090","targetHints":{"allow":["GET"]}}],"collection":[{"href":"https:\/\/www.o-p-i.fr\/7alire\/wp-json\/wp\/v2\/posts"}],"about":[{"href":"https:\/\/www.o-p-i.fr\/7alire\/wp-json\/wp\/v2\/types\/post"}],"author":[{"embeddable":true,"href":"https:\/\/www.o-p-i.fr\/7alire\/wp-json\/wp\/v2\/users\/2"}],"replies":[{"embeddable":true,"href":"https:\/\/www.o-p-i.fr\/7alire\/wp-json\/wp\/v2\/comments?post=5090"}],"version-history":[{"count":2,"href":"https:\/\/www.o-p-i.fr\/7alire\/wp-json\/wp\/v2\/posts\/5090\/revisions"}],"predecessor-version":[{"id":5093,"href":"https:\/\/www.o-p-i.fr\/7alire\/wp-json\/wp\/v2\/posts\/5090\/revisions\/5093"}],"wp:attachment":[{"href":"https:\/\/www.o-p-i.fr\/7alire\/wp-json\/wp\/v2\/media?parent=5090"}],"wp:term":[{"taxonomy":"category","embeddable":true,"href":"https:\/\/www.o-p-i.fr\/7alire\/wp-json\/wp\/v2\/categories?post=5090"},{"taxonomy":"post_tag","embeddable":true,"href":"https:\/\/www.o-p-i.fr\/7alire\/wp-json\/wp\/v2\/tags?post=5090"},{"taxonomy":"author","embeddable":true,"href":"https:\/\/www.o-p-i.fr\/7alire\/wp-json\/wp\/v2\/coauthors?post=5090"}],"curies":[{"name":"wp","href":"https:\/\/api.w.org\/{rel}","templated":true}]}}