{"id":5138,"date":"2011-08-30T10:10:03","date_gmt":"2011-08-30T08:10:03","guid":{"rendered":"\/7alire\/?p=5138"},"modified":"2025-04-24T15:55:28","modified_gmt":"2025-04-24T13:55:28","slug":"orchidees-de-midi-pyrenees","status":"publish","type":"post","link":"https:\/\/www.o-p-i.fr\/7alire\/7-a-lire-actu\/orchidees-de-midi-pyrenees\/","title":{"rendered":"Orchid\u00e9es de Midi-pyr\u00e9n\u00e9es"},"content":{"rendered":"<figure id=\"attachment_5139\" aria-describedby=\"caption-attachment-5139\" style=\"width: 300px\" class=\"wp-caption alignleft\"><img loading=\"lazy\" decoding=\"async\" class=\"size-full wp-image-5139\" title=\"Nicolas Duivon\" src=\"https:\/\/www.o-p-i.fr\/7alire\/wp-content\/uploads\/couv_orchidees_mp.jpg\" alt=\"Nicolas Duivon\" width=\"300\" height=\"416\" srcset=\"https:\/\/www.o-p-i.fr\/7alire\/wp-content\/uploads\/couv_orchidees_mp.jpg 300w, https:\/\/www.o-p-i.fr\/7alire\/wp-content\/uploads\/couv_orchidees_mp-216x300.jpg 216w\" sizes=\"auto, (max-width: 300px) 100vw, 300px\" \/><figcaption id=\"caption-attachment-5139\" class=\"wp-caption-text\">Nicolas Duivon<\/figcaption><\/figure>\n<p style=\"text-align: justify;\">Pour ce livre, <a title=\"Cliquez pour ouvrir la fiche dans l'annuaire d'OPI\" href=\"https:\/\/www.o-p-i.fr\/aupays\/annuaire\/art\/nicolas-duivon\/\" target=\"_blank\" rel=\"noopener\">Nicolas Duivon<\/a> s\u2019est livr\u00e9 pendant plusieurs ann\u00e9es \u00e0 un inventaire m\u00e9ticuleux des diff\u00e9rentes vari\u00e9t\u00e9s d\u2019Orchid\u00e9es sauvages pr\u00e9sentes sur le territoire r\u00e9gional de Midi-Pyr\u00e9n\u00e9es.<\/p>\n<p style=\"text-align: justify;\">Il a \u00e9tabli une fiche d\u2019identit\u00e9 pour chacune des 87 esp\u00e8ces r\u00e9pertori\u00e9es, indiquant leur localisation d\u00e9partementale et pr\u00e9cisant leur niveau de raret\u00e9 et par cons\u00e9quent le niveau de risque de les voir dispara\u00eetre un jour.<\/p>\n<p style=\"text-align: justify;\">Les amateurs d\u2019Orchid\u00e9es sont de plus en plus nombreux ; le travail de Nicolas DUIVON est consid\u00e9rable et tr\u00e8s utile pour que chacun prennent conscience de l\u2019importance qu\u2019il y a \u00e0 prot\u00e9ger cette flore inestimable.<\/p>\n<p style=\"text-align: justify;\">Photographe de formation, il a lui m\u00eame r\u00e9alis\u00e9 l\u2019ensemble des clich\u00e9s qui, au-del\u00e0 de l\u2019aspect purement informatif, donne a son travail sa dimension artistique.<\/p>\n<p style=\"text-align: justify;\">Il a introduit son travail par une d\u00e9finition pr\u00e9cise de l\u2019Orchid\u00e9e. Il a compl\u00e9t\u00e9 l\u2019ouvrage d\u2019informations sur la protection des diff\u00e9rentes esp\u00e8ces, leur p\u00e9riode de floraison&#8230;<\/p>\n<p style=\"text-align: justify;\"><span style=\"color: #000080;\"><strong>L\u2019AUTEUR<\/strong><\/span><\/p>\n<p style=\"text-align: justify;\"><span style=\"color: #000080;\">Nicolas Duivon est n\u00e9 dans le Gard en 1972. Dipl\u00f4m\u00e9 de photographie en 1992, il est install\u00e9 en tant qu\u2019artiste photographe depuis 2006. Membre de la Soci\u00e9t\u00e9 Fran\u00e7aise d\u2019Orchidophilie (SFO), il se passionne pour la photographie et l\u2019\u00e9tude des orchid\u00e9es et publie son premier guide en 2006, (Guide d\u2019identification des orchid\u00e9es sauvages du Tarn, \u00e9d. Grand Sud). Celui-ci rencontre un certain succ\u00e8s (2000 exemplaires vendus) ; Nicolas Duivon d\u00e9cide de poursuivre son travail et de l\u2019\u00e9tendre \u00e0 l\u2019ensemble de la R\u00e9gion Midi-Pyr\u00e9n\u00e9es, avec l\u2019aide de sp\u00e9cialistes locaux pour nous livrer ce guide exhaustif qui recense toutes les vari\u00e9t\u00e9s d\u2019orchid\u00e9es sauvages pr\u00e9sentes sur le territoire r\u00e9gional. Ce travail n\u2019avait pas encore \u00e9t\u00e9 r\u00e9alis\u00e9 ; ce guide est par cons\u00e9quent le tout premier \u00e0 \u00eatre \u00e9diter sur notre r\u00e9gion.<\/span><\/p>\n<p><span style=\"color: #003366;\"><em>Format : 16 x 22 cm &#8211; broch\u00e9 \u00e0 rabats<\/em><br \/>\n<em>Nombre de pages : 192<br \/>\nPrix : 24 Euros<\/em><\/span><\/p>\n","protected":false},"excerpt":{"rendered":"<div class=\"mh-excerpt\">Pour ce livre, Nicolas Duivon s\u2019est livr\u00e9 pendant plusieurs ann\u00e9es \u00e0 un inventaire m\u00e9ticuleux des diff\u00e9rentes vari\u00e9t\u00e9s d\u2019Orchid\u00e9es sauvages pr\u00e9sentes sur le territoire r\u00e9gional de Midi-Pyr\u00e9n\u00e9es. Il a \u00e9tabli une fiche d\u2019identit\u00e9 pour chacune des <a class=\"mh-excerpt-more\" href=\"https:\/\/www.o-p-i.fr\/7alire\/7-a-lire-actu\/orchidees-de-midi-pyrenees\/\" title=\"Orchid\u00e9es de Midi-pyr\u00e9n\u00e9es\">[&#8230;]<\/a><\/div>\n","protected":false},"author":2,"featured_media":5139,"comment_status":"open","ping_status":"open","sticky":false,"template":"","format":"standard","meta":{"_jetpack_memberships_contains_paid_content":false,"footnotes":"","_links_to":"","_links_to_target":""},"categories":[5454,3],"tags":[1083,177,1058,5455,1082,382],"coauthors":[],"class_list":{"0":"post-5138","1":"post","2":"type-post","3":"status-publish","4":"format-standard","5":"has-post-thumbnail","7":"category-nicolas-duivon","8":"category-7-a-lire-actu","9":"tag-fleur","10":"tag-midi-pyrenees","11":"tag-nature","12":"tag-nicolas-duivon","13":"tag-orchidee","14":"tag-photographie"},"jetpack_featured_media_url":"https:\/\/www.o-p-i.fr\/7alire\/wp-content\/uploads\/couv_orchidees_mp.jpg","jetpack_sharing_enabled":true,"_links":{"self":[{"href":"https:\/\/www.o-p-i.fr\/7alire\/wp-json\/wp\/v2\/posts\/5138","targetHints":{"allow":["GET"]}}],"collection":[{"href":"https:\/\/www.o-p-i.fr\/7alire\/wp-json\/wp\/v2\/posts"}],"about":[{"href":"https:\/\/www.o-p-i.fr\/7alire\/wp-json\/wp\/v2\/types\/post"}],"author":[{"embeddable":true,"href":"https:\/\/www.o-p-i.fr\/7alire\/wp-json\/wp\/v2\/users\/2"}],"replies":[{"embeddable":true,"href":"https:\/\/www.o-p-i.fr\/7alire\/wp-json\/wp\/v2\/comments?post=5138"}],"version-history":[{"count":7,"href":"https:\/\/www.o-p-i.fr\/7alire\/wp-json\/wp\/v2\/posts\/5138\/revisions"}],"predecessor-version":[{"id":23783,"href":"https:\/\/www.o-p-i.fr\/7alire\/wp-json\/wp\/v2\/posts\/5138\/revisions\/23783"}],"wp:featuredmedia":[{"embeddable":true,"href":"https:\/\/www.o-p-i.fr\/7alire\/wp-json\/wp\/v2\/media\/5139"}],"wp:attachment":[{"href":"https:\/\/www.o-p-i.fr\/7alire\/wp-json\/wp\/v2\/media?parent=5138"}],"wp:term":[{"taxonomy":"category","embeddable":true,"href":"https:\/\/www.o-p-i.fr\/7alire\/wp-json\/wp\/v2\/categories?post=5138"},{"taxonomy":"post_tag","embeddable":true,"href":"https:\/\/www.o-p-i.fr\/7alire\/wp-json\/wp\/v2\/tags?post=5138"},{"taxonomy":"author","embeddable":true,"href":"https:\/\/www.o-p-i.fr\/7alire\/wp-json\/wp\/v2\/coauthors?post=5138"}],"curies":[{"name":"wp","href":"https:\/\/api.w.org\/{rel}","templated":true}]}}