{"id":5164,"date":"2011-09-02T14:34:15","date_gmt":"2011-09-02T12:34:15","guid":{"rendered":"\/7alire\/?p=5164"},"modified":"2011-09-02T14:40:02","modified_gmt":"2011-09-02T12:40:02","slug":"le-troisieme-mercat-occitan-de-nueit-marche-occitan-de-nuit-a-villeneuve-sur-vere","status":"publish","type":"post","link":"https:\/\/www.o-p-i.fr\/7alire\/occitanie\/le-troisieme-mercat-occitan-de-nueit-marche-occitan-de-nuit-a-villeneuve-sur-vere\/","title":{"rendered":"Le troisi\u00e8me MERCAT OCCITAN DE NU\u00c8IT \/ MARCH\u00c9 OCCITAN DE NUIT \u00e0 VILLENEUVE sur V\u00e8re"},"content":{"rendered":"<p style=\"text-align: justify;\">Apr\u00e8s les Mercats\/March\u00e9s occitans de S\u00e9nouillac et Les Cabannes, celui de Villeneuve sur V\u00e8re aura lieu <span style=\"color: #003300;\"><strong>Vendredi 9 Septembre 2011<\/strong><\/span>.<\/p>\n<p style=\"text-align: justify;\"><!--more--><\/p>\n<p style=\"text-align: justify;\">\n<figure id=\"attachment_5165\" aria-describedby=\"caption-attachment-5165\" style=\"width: 400px\" class=\"wp-caption alignright\"><img loading=\"lazy\" decoding=\"async\" class=\"size-full wp-image-5165\" title=\"Le MERCAT OCCITAN DE NU\u00c8IT \/ MARCH\u00c9 OCCITAN DE NUIT de Les Cabannes \/ Las Cabanas\" src=\"https:\/\/www.o-p-i.fr\/7alire\/wp-content\/uploads\/marcheocc_cabannnes.jpg\" alt=\"Le MERCAT OCCITAN DE NU\u00c8IT \/ MARCH\u00c9 OCCITAN DE NUIT de Les Cabannes \/ Las Cabanas\" width=\"400\" height=\"266\" srcset=\"https:\/\/www.o-p-i.fr\/7alire\/wp-content\/uploads\/marcheocc_cabannnes.jpg 400w, https:\/\/www.o-p-i.fr\/7alire\/wp-content\/uploads\/marcheocc_cabannnes-300x199.jpg 300w\" sizes=\"auto, (max-width: 400px) 100vw, 400px\" \/><figcaption id=\"caption-attachment-5165\" class=\"wp-caption-text\">Le MERCAT OCCITAN DE NU\u00c8IT \/ MARCH\u00c9 OCCITAN DE NUIT de Les Cabannes \/ Las Cabanas<\/figcaption><\/figure>\n<p style=\"text-align: justify;\">C&rsquo;est une manifestation \u00e9conomique originale, diff\u00e9rente, conviviale, con\u00e7ue et mise en place par l&rsquo;AGENCE de DEVELOPPEMENT OCCITAN du Tarn\/ AG\u00c9NCIA DE DESVOLOPAMENT OCCITAN de Tarn (ADOC Tarn). L&rsquo;originalit\u00e9 par rapport aux autres march\u00e9s, c&rsquo;est que la langue et la culture occitanes participent \u00e0 la dynamisation \u00e9conomique des terroirs tarnais. Ainsi les racines, la tradition et la modernit\u00e9 sont au rendez-vous de l&rsquo;\u00e9conomie locale.<br \/>\nUne dizaine de producteurs proposera une gamme de produits de qualit\u00e9, en circuit court, directement du producteur au consommateur.<br \/>\nEt ceci passe par la mise en place d&rsquo;un partenariat avec les producteurs de Pays, f\u00e9d\u00e9r\u00e9s autour d&rsquo;un concept nouveau alliant culture d&rsquo;Oc et \u00e9conomie. Ce partenariat est \u00e9largi aux associations de d\u00e9veloppement, les Communaut\u00e9s de communes, etc. telles AGROPOINT, l&rsquo;Association de Pays de l&rsquo;Albigeois et Bastides, la Communaut\u00e9 de Communes du S\u00e9gala Carmausin&#8230;<\/p>\n<p style=\"text-align: justify;\"><span style=\"color: #003300;\"><strong>Le programme \u00e0 partir de 17h 30<\/strong><\/span><\/p>\n<ul>\n<li> Stands de producteurs locaux : ventes et possibilit\u00e9 de composer un repas paysan avec les produits canard, du taurillon de Salers et des frites allumettes, des l\u00e9gumes, des fromages, des g\u00e2teaux, du miel, du pain, du vin, de l&rsquo;eau et du caf\u00e9<\/li>\n<li>Stands d&rsquo;artisans et d&rsquo;associations<\/li>\n<li> Visite accompagn\u00e9e du village (gratuit)<\/li>\n<li> Concours mondial du Lancer de b\u00e9ret occitan (gratuit)<\/li>\n<li> Animations occitanes, traditionnelles et d&rsquo;aujourd&rsquo;hui<\/li>\n<\/ul>\n<p style=\"text-align: justify;\"><span style=\"color: #99cc00;\"><strong>Contact\u00a0 :<\/strong><\/span> ADOC Tarn<br \/>\n\u00ab Lo Grifol \u00bb<br \/>\n3, rue Perroty \/ carri\u00e8ra Perr\u00f2tin<br \/>\n81 000 ALBI<\/p>\n<p style=\"text-align: justify;\">T\u00e9l. \/ Fax : 05 63 56 65 09 ou\u00a0 05 63 53 92 50<br \/>\nT\u00e9l. Port. : 06 87 96 31 82 ou 06 19 93 45 23<br \/>\nCourriel : <a href=\"mailto:chaucos2@orange.fr\">chaucos2@orange.fr<\/a><\/p>\n<p style=\"text-align: justify;\"><a href=\"https:\/\/www.o-p-i.fr\/parlonsen\/agenda\/\"><strong>Retrouvez tous les \u00e9v\u00e8nements dans l&rsquo;agenda !<\/strong><\/a><\/p>\n","protected":false},"excerpt":{"rendered":"<div class=\"mh-excerpt\">Apr\u00e8s les Mercats\/March\u00e9s occitans de S\u00e9nouillac et Les Cabannes, celui de Villeneuve sur V\u00e8re aura lieu Vendredi 9 Septembre 2011.<\/div>\n","protected":false},"author":2,"featured_media":0,"comment_status":"open","ping_status":"open","sticky":false,"template":"","format":"standard","meta":{"_jetpack_memberships_contains_paid_content":false,"footnotes":"","_links_to":"","_links_to_target":""},"categories":[266,10],"tags":[1071,8,3631,1089],"coauthors":[],"class_list":{"0":"post-5164","1":"post","2":"type-post","3":"status-publish","4":"format-standard","6":"category-activites-occitanes","7":"category-occitanie","8":"tag-marche","9":"tag-occitan","10":"tag-occitanie","11":"tag-villeneuve-sur-vere"},"jetpack_featured_media_url":"","jetpack_sharing_enabled":true,"_links":{"self":[{"href":"https:\/\/www.o-p-i.fr\/7alire\/wp-json\/wp\/v2\/posts\/5164","targetHints":{"allow":["GET"]}}],"collection":[{"href":"https:\/\/www.o-p-i.fr\/7alire\/wp-json\/wp\/v2\/posts"}],"about":[{"href":"https:\/\/www.o-p-i.fr\/7alire\/wp-json\/wp\/v2\/types\/post"}],"author":[{"embeddable":true,"href":"https:\/\/www.o-p-i.fr\/7alire\/wp-json\/wp\/v2\/users\/2"}],"replies":[{"embeddable":true,"href":"https:\/\/www.o-p-i.fr\/7alire\/wp-json\/wp\/v2\/comments?post=5164"}],"version-history":[{"count":5,"href":"https:\/\/www.o-p-i.fr\/7alire\/wp-json\/wp\/v2\/posts\/5164\/revisions"}],"predecessor-version":[{"id":5168,"href":"https:\/\/www.o-p-i.fr\/7alire\/wp-json\/wp\/v2\/posts\/5164\/revisions\/5168"}],"wp:attachment":[{"href":"https:\/\/www.o-p-i.fr\/7alire\/wp-json\/wp\/v2\/media?parent=5164"}],"wp:term":[{"taxonomy":"category","embeddable":true,"href":"https:\/\/www.o-p-i.fr\/7alire\/wp-json\/wp\/v2\/categories?post=5164"},{"taxonomy":"post_tag","embeddable":true,"href":"https:\/\/www.o-p-i.fr\/7alire\/wp-json\/wp\/v2\/tags?post=5164"},{"taxonomy":"author","embeddable":true,"href":"https:\/\/www.o-p-i.fr\/7alire\/wp-json\/wp\/v2\/coauthors?post=5164"}],"curies":[{"name":"wp","href":"https:\/\/api.w.org\/{rel}","templated":true}]}}