{"id":5209,"date":"2011-09-06T11:42:17","date_gmt":"2011-09-06T09:42:17","guid":{"rendered":"\/7alire\/?p=5209"},"modified":"2011-09-06T11:44:20","modified_gmt":"2011-09-06T09:44:20","slug":"les-etudes-universitaires-d%e2%80%99occitan-un-atout-pour-trouver-du-travail","status":"publish","type":"post","link":"https:\/\/www.o-p-i.fr\/7alire\/occitanie\/les-etudes-universitaires-d%e2%80%99occitan-un-atout-pour-trouver-du-travail\/","title":{"rendered":"Les \u00e9tudes universitaires d\u2019occitan : un atout pour trouver du travail."},"content":{"rendered":"<p>La           formation \u00e0 <a href=\"http:\/\/w3.letmod.univ-tlse2.fr\/occitan\" target=\"_blank\">Toulouse<\/a> et \u00e0 <a href=\"http:\/\/www.univ-montp3.fr\/occitan\/index.php?option=com_content&amp;task=view&amp;id=20&amp;Itemid=12\" target=\"_blank\">Montpellier<\/a><\/p>\n<p><!--more--><\/p>\n<p class=\"MsoNormal\" style=\"text-align: justify;\"><strong><span style=\"font-size: 14pt; color: red;\">1-<a href=\"http:\/\/www.univ-montp3.fr\/occitan\/index.php?option=com_content&amp;task=view&amp;id=20&amp;Itemid=12\" target=\"_blank\">L\u2019occitan \u00e0             l\u2019Universit\u00e9 Paul-Val\u00e9ry \u00e0 Montpellier<\/a>.<\/span><\/strong><strong><span style=\"font-size: 11pt; color: red;\"> <\/span><\/strong><\/p>\n<p class=\"MsoNormal\" style=\"text-align: justify;\"><span style=\"font-size: 11pt;\">Tout         le cursus est disponible par l\u2019enseignement \u00e0 distance.         Inscriptions ouvertes <strong><span style=\"text-decoration: underline;\">jusqu\u2019au 19 septembre<\/span><span style=\"color: red;\"> <a href=\"http:\/\/www.univ-montp3.fr\/metice\/_ead\/index.php?option=com_content&amp;view=article&amp;id=76&amp;Itemid=6\" target=\"_blank\">sur le               site de l\u2019E \u00e0 D<\/a>. Possibilit\u00e9 de demandes de             validations d\u2019acquis <span style=\"text-decoration: underline;\">jusqu\u2019au               9 septembre.<\/span><\/span><\/strong><\/span><\/p>\n<p class=\"yiv1255314280msonormal\" style=\"margin: 0cm 0cm 0.0001pt; text-align: justify;\"><a name=\"_Toc265697981\" target=\"_blank\"><\/a><strong><span style=\"font-size: 11pt; font-family: &quot;Century&quot;,&quot;serif&quot;;\">La formation en           occitan \u00e0 l\u2019Universit\u00e9 Paul           Val\u00e9ry Montpellier 3 <\/span><\/strong><span style=\"font-size: 11pt; font-family: &quot;Century&quot;,&quot;serif&quot;;\"><span> <\/span>comprend:<\/span><span style=\"font-size: 11pt;\"> <\/span><\/p>\n<p class=\"MsoNormal\" style=\"margin-left: 36pt; text-align: justify;\"><span style=\"font-size: 11pt; font-family: &quot;Century&quot;,&quot;serif&quot;;\">-une <strong>Licence<\/strong>, en         six semestres, L1, L2, L3<\/span><\/p>\n<p class=\"MsoNormal\" style=\"margin-left: 36pt; text-align: justify;\"><span style=\"font-size: 11pt; font-family: &quot;Century&quot;,&quot;serif&quot;;\">-le <strong>Master<\/strong> (M1         et         M2)<span style=\"color: red;\"> &#8211; <strong>une nouveaut\u00e9\u00a0: le master 1             et le master             2 seront accessibles par <a href=\"http:\/\/www.univ-montp3.fr\/metice\/_ead\/index.php?option=com_content&amp;view=article&amp;id=16&amp;Itemid=29\" target=\"_blank\">enseignement \u00e0 distance<\/a> \u00e0 la rentr\u00e9e             2011<\/strong><\/span><\/span><\/p>\n<p class=\"MsoNormal\" style=\"margin-left: 36pt; text-align: justify;\"><span style=\"font-size: 11pt; font-family: &quot;Century&quot;,&quot;serif&quot;;\">-le <strong>Doctorat<\/strong> (D). <\/span><\/p>\n<p class=\"yiv1255314280msonormal\" style=\"margin: 0cm 0cm 0.0001pt; text-align: justify;\"><strong><span style=\"font-size: 11pt; font-family: &quot;Century&quot;,&quot;serif&quot;;\">Pour           la licence, il y a trois possibilit\u00e9s\u00a0:<\/span><\/strong><span style=\"font-size: 11pt;\"> <\/span><\/p>\n<p class=\"MsoNormal\" style=\"margin-left: 36pt; text-align: justify;\"><strong><span style=\"font-size: 11pt; font-family: &quot;Century&quot;,&quot;serif&quot;;\">&#8211;<a href=\"http:\/\/www.univ-montp3.fr\/occitan\/index.php?option=com_content&amp;task=view&amp;id=17&amp;Itemid=1\" target=\"_blank\">en pr\u00e9sentiel<\/a><\/span><\/strong><span style=\"font-size: 11pt; font-family: &quot;Century&quot;,&quot;serif&quot;;\"> en 3 ans<\/span><\/p>\n<p class=\"MsoNormal\" style=\"margin-left: 36pt; text-align: justify;\"><strong><span style=\"font-size: 11pt; font-family: &quot;Century&quot;,&quot;serif&quot;;\">&#8211;<a href=\"http:\/\/www.univ-montp3.fr\/metice\/_ead\/index.php?option=com_content&amp;view=article&amp;id=43&amp;Itemid=6\" target=\"_blank\">\u00e0 distance<\/a> (par internet)<\/span><\/strong><span style=\"font-size: 11pt; font-family: &quot;Century&quot;,&quot;serif&quot;;\"> en 3 ans<\/span><\/p>\n<p class=\"MsoNormal\" style=\"margin-left: 36pt; text-align: justify;\"><strong><span style=\"font-size: 11pt; font-family: &quot;Century&quot;,&quot;serif&quot;;\">&#8211;<a href=\"http:\/\/recherche.univ-montp3.fr\/sufcoweb\/index.php?option=com_content&amp;task=view&amp;id=556&amp;Itemid=393\" target=\"_blank\">licence am\u00e9nag\u00e9e en 1 ans<\/a><\/span><\/strong><span style=\"font-size: 11pt; font-family: &quot;Century&quot;,&quot;serif&quot;;\"> (sous <strong>conditions           tr\u00e8s pr\u00e9cises<\/strong>. <\/span><\/p>\n<p class=\"yiv1255314280msonormal\" style=\"margin: 0cm 0cm 0.0001pt; text-align: justify;\"><strong><span style=\"font-size: 11pt; font-family: &quot;Century&quot;,&quot;serif&quot;;\">La           licence d&rsquo;occitan en six semestres\u00a0: v<\/span><\/strong><span class=\"yiv1255314280msopagenumber\"><span style=\"font-size: 11pt; font-family: &quot;Century&quot;,&quot;serif&quot;;\">ous en           trouverez le descriptif sur le site du d\u00e9partement           d\u2019occitan<span style=\"color: red;\"> <strong><a href=\"http:\/\/www.univ-montp3.fr\/occitan\/\" target=\"_blank\">http:\/\/www.univ-montp3.fr\/occitan\/<\/a>. <\/strong><\/span><\/span><\/span><\/p>\n<p class=\"yiv1255314280msonormal\" style=\"margin: 0cm 0cm 0.0001pt;\"><span class=\"yiv1255314280msopagenumber\"><strong><span style=\"font-size: 11pt; font-family: &quot;Century&quot;,&quot;serif&quot;;\">La             licence d\u2019occitan est enti\u00e8rement accessible par             l\u2019enseignement \u00e0 distance<\/span><\/strong><\/span><span class=\"yiv1255314280msopagenumber\"><span style=\"font-size: 11pt; font-family: &quot;Century&quot;,&quot;serif&quot;; color: red;\"> <\/span><\/span><strong><span style=\"font-size: 11pt; font-family: &quot;Century&quot;,&quot;serif&quot;;\">(internet). <\/span><\/strong><strong><span style=\"font-size: 11pt; font-family: &quot;Century&quot;,&quot;serif&quot;; font-weight: normal;\"><a href=\"http:\/\/www.univ-montp3.fr\/metice\/_ead\/index.php?option=com_content&amp;view=article&amp;id=39&amp;Itemid=12\" target=\"_blank\"><strong>Cette formation par internet<\/strong><\/a><\/span><\/strong><strong><span style=\"font-size: 11pt; font-family: &quot;Century&quot;,&quot;serif&quot;;\"> <\/span><\/strong><span style=\"font-size: 11pt; font-family: &quot;Century&quot;,&quot;serif&quot;;\">comprend des cours         th\u00e9oriques et des exercices r\u00e9guli\u00e8rement corrig\u00e9s par les         professeurs qui vous         permettent d\u2019\u00e9valuer votre progression. Une rencontre est         organis\u00e9e \u00e0 la fin du         premier trimestre entre \u00e9tudiants et professeurs. Cette         formation comprend des         cours \u00a0de langue, litt\u00e9rature, civilisation, dialectologie,         histoire         occitanes\u2026<\/span><span style=\"font-size: 11pt;\"> <\/span><\/p>\n<p class=\"yiv1255314280msonormal\" style=\"margin: 0cm 0cm 0.0001pt;\"><strong><span style=\"font-size: 11pt; font-family: &quot;Century&quot;,&quot;serif&quot;;\">Elle comprend aussi           des           enseignements optionnels dont peuvent \u00eatre dispens\u00e9s en partie           ou totalement<\/span><\/strong><span style=\"font-size: 11pt; font-family: &quot;Century&quot;,&quot;serif&quot;;\"> les         \u00e9tudiants qui ont         des dipl\u00f4mes sup\u00e9rieurs au niveau bac ou une exp\u00e9rience         professionnelle         qualifiante<strong>. Ces validations d\u2019acquis<\/strong> peuvent all\u00e9ger         \u00e9norm\u00e9ment le         contenu des enseignements. Elles sont accord\u00e9es apr\u00e8s examen         d\u2019un dossier <strong><a href=\"http:\/\/www.univ-montp3.fr\/metice\/_ead\/index.php?option=com_content&amp;view=article&amp;id=43&amp;Itemid=6\" target=\"_blank\"><span> <\/span>t\u00e9l\u00e9chargeable<\/a> <\/strong>qui est         <strong>examin\u00e9 par l\u2019\u00e9quipe p\u00e9dagogique<\/strong>.<\/span><span style=\"font-size: 11pt;\"> <\/span><\/p>\n<p class=\"yiv1255314280msonormal\" style=\"margin: 0cm 0cm 0.0001pt;\"><span style=\"font-size: 11pt; font-family: &quot;Century&quot;,&quot;serif&quot;;\">Tous les renseignements         <strong><a href=\"http:\/\/www.univ-montp3.fr\/metice\/_ead\/index.php?option=com_content&amp;view=frontpage&amp;Itemid=1\" target=\"_blank\">sur le site de l\u2019enseignement \u00e0 distance<\/a> de l\u2019Universit\u00e9           Paul Val\u00e9ry<\/strong>. <\/span><\/p>\n<p class=\"yiv1255314280msonormal\" style=\"margin: 0cm 0cm 0.0001pt; text-align: justify;\"><strong><span style=\"font-size: 11pt; font-family: &quot;Century&quot;,&quot;serif&quot;;\">Les           \u00e9tudes d\u2019occitan ouvrent sur de nombreuses opportunit\u00e9s<\/span><\/strong><span style=\"font-size: 11pt; font-family: &quot;Century&quot;,&quot;serif&quot;;\"> dans <strong><a href=\"http:\/\/www.felco-creo.org\/creolr\/action_etudeplaisir\/index.htm\" target=\"_blank\">le monde du travail<\/a><\/strong>. <strong><a href=\"http:\/\/www.felco-creo.org\/mdoc\/docs\/onisep.pdf\" target=\"_blank\">Une             brochure r\u00e9alis\u00e9e en partenariat entre le CREO Lengad\u00f2c et             l\u2019ONISEP<\/a><\/strong> en         t\u00e9moigne. <\/span><\/p>\n<p class=\"yiv1255314280msonormal\" style=\"margin: 0cm 0cm 0.0001pt; text-align: justify;\"><strong><span style=\"font-size: 11pt; font-family: &quot;Century&quot;,&quot;serif&quot;;\">La           licence et le master d\u2019occitan sont \u00e9galement con\u00e7us pour           donner un aper\u00e7u           pluridisciplinaire de la culture occitane<\/span><\/strong><span style=\"font-size: 11pt; font-family: &quot;Century&quot;,&quot;serif&quot;;\"> et permettre de         concilier travail et         plaisir. <\/span><\/p>\n<p class=\"yiv1255314280msonormal\" style=\"margin: 0cm 0cm 0.0001pt; text-align: justify; text-indent: 35.45pt;\"><span style=\"font-size: 11pt; font-family: &quot;Century&quot;,&quot;serif&quot;;\">Vous trouverez <strong><a href=\"http:\/\/www.univ-montp3.fr\/occitan\/index.php?option=com_content&amp;task=view&amp;id=53&amp;Itemid=31\" target=\"_blank\">sur le site du d\u00e9partement d\u2019occitan <\/a><\/strong>et         <strong><a href=\"http:\/\/www.occitanetudesmetiers.com\/l-occitan-temoignages.htm\" target=\"_blank\">sur             le             site de l\u2019onisep \u00ab\u00a0l\u2019occitan, des \u00e9tudes, des m\u00e9tiers\u00a0\u00bb<\/a><\/strong> <strong><span style=\"color: red;\">des vid\u00e9os de             t\u00e9moignages d\u2019\u00e9tudiants<\/span><\/strong> qui vous donneront une         id\u00e9e du contenu des         \u00e9tudes, de l\u2019atmosph\u00e8re du d\u00e9partement, des exigences de         travail\u2026 <\/span><span style=\"font-size: 11pt;\"> <\/span><span style=\"font-size: 11pt; font-family: &quot;Century&quot;,&quot;serif&quot;;\">Si vous souhaitez un         entretien t\u00e9l\u00e9phonique \u00e0 propos de ces         formations, n\u2019h\u00e9sitez pas \u00e0 me contacter au 04 67 66 33 31.<\/span><\/p>\n<p class=\"MsoNormal\" style=\"text-align: justify;\"><strong><span style=\"text-decoration: underline;\"><span style=\"font-size: 14pt; color: red;\">2-<a href=\"http:\/\/w3.letmod.univ-tlse2.fr\/occitan\" target=\"_blank\">L\u2019occitan \u00e0               l\u2019Universit\u00e9 de Toulouse               \u2013 le Mirail<\/a><\/span><\/span><\/strong><\/p>\n<p class=\"MsoNormal\" style=\"text-align: center;\" align=\"center\"><strong><span style=\"color: red;\">Cette ann\u00e9e, la rentr\u00e9e de           l\u2019Universit\u00e9 de           Toulouse II-Le Mirail a lieu le 19 septembre. <\/span><\/strong><strong><span style=\"font-size: 11pt;\">Si vous souhaitez<span> <\/span>vous inscrire, faites attention aux           dates-limites\u00a0!<\/span><\/strong><\/p>\n<p class=\"MsoNormal\" style=\"text-align: justify; text-indent: 35.4pt;\"><span style=\"font-size: 11pt;\">L\u2019Universit\u00e9 de Toulouse         II-Le Mirail offre de nombreuses voies de formation et de         professionnalisation         gr\u00e2ce aux comp\u00e9tences en langue occitane.<\/span><\/p>\n<p class=\"MsoNormal\" style=\"text-align: justify; text-indent: 18pt;\"><span style=\"font-size: 11pt;\">Les dipl\u00f4mes pr\u00e9par\u00e9s \u00e0 l\u2019Universit\u00e9 de         Toulouse II-Le         Mirail li\u00e9s \u00e0 la langue et \u00e0 la culture occitanes\u00a0:<\/span><\/p>\n<p class=\"MsoNormal\" style=\"text-align: justify;\"><strong><span style=\"font-size: 11pt; color: red;\">-Licence d\u2019occitan<\/span><\/strong><span style=\"font-size: 11pt;\"> ou autre licence avec mineure         occitan\u00a0:         formation g\u00e9n\u00e9rale en 3 ans (dialecte languedocien ou gascon) <\/span><\/p>\n<p class=\"MsoNormal\" style=\"text-align: justify;\"><strong><span style=\"font-size: 11pt; color: red;\">-DUPL<\/span><\/strong><span style=\"font-size: 11pt;\"> (Dipl\u00f4me universitaire de pratique de         la         langue)\u00a0: formation centr\u00e9e sur la pratique de la langue en 2         ans         (dialecte languedocien ou gascon), deux niveaux (DUPL A et DUPL         B)<\/span><\/p>\n<p class=\"MsoNormal\" style=\"text-align: justify;\"><strong><span style=\"font-size: 11pt; color: red;\">-Master M\u00e9tiers de           l\u2019enseignement (Master \u00c9ducation Formation, MEF) <\/span><\/strong><span style=\"font-size: 11pt;\">pour pr\u00e9parer le concours du CAPES         d\u2019occitan-langue         d\u2019oc (en 2011, trois quarts des admis au CAPES d\u2019occitan \u00e9taient         toulousains)<\/span><\/p>\n<p class=\"MsoNormal\" style=\"text-align: justify;\"><strong><span style=\"font-size: 11pt; color: red;\">-Master<\/span><\/strong><span style=\"font-size: 11pt; color: red;\"> <strong>\u00c9ducation           Formation Enseignement<\/strong><strong> (EFE-ESE) parcours           occitan bilinguisme <\/strong><\/span><span style=\"font-size: 11pt;\">pour         pr\u00e9parer le concours         CRPE bilingue fran\u00e7ais-occitan (chaque ann\u00e9e, de nombreux postes         au concours)<\/span><strong><\/strong><\/p>\n<p class=\"MsoNormal\" style=\"text-align: justify;\"><strong><span style=\"font-size: 11pt; color: red;\">-Master M\u00e9tiers de la           recherche <\/span><\/strong><span style=\"font-size: 11pt;\">(la         r\u00e9putation en mati\u00e8re         de recherche occitane de l\u2019Universit\u00e9 de Toulouse II-Le Mirail         n\u2019est plus \u00e0         faire\u00a0!)<strong><\/strong><\/span><\/p>\n<p class=\"MsoNormal\" style=\"text-align: justify;\"><strong><span style=\"font-size: 11pt; color: red;\">-Th\u00e8se de doctorat<\/span><\/strong><span style=\"font-size: 11pt;\"><span> <\/span>(litt\u00e9rature,         linguistique, histoire, anthropologie\u2026) <\/span><\/p>\n<p class=\"MsoNormal\" style=\"text-align: justify;\"><span style=\"font-size: 11pt;\">et         depuis cette ann\u00e9e, un nouveau dipl\u00f4me, premier du genre en         Occitanie\u00a0:<\/span><\/p>\n<p class=\"MsoNormal\" style=\"text-align: justify;\"><strong><span style=\"font-size: 11pt; color: red;\">-Master           M\u00e9tiers du Patrimoine et de la Culture en Pays d\u2019Oc <\/span><\/strong><span style=\"font-size: 11pt;\">destin\u00e9 \u00e0 former les         acteurs de la vie culturelle en Pays d\u2019Oc (communication, droit,         gestion,         histoire culturelle, informatique\u2026)<\/span><\/p>\n<p class=\"MsoNormal\" style=\"text-align: justify; text-indent: 1cm;\"><span style=\"font-size: 11pt;\">Des formules adapt\u00e9es aux cas         individuels existent         (reprise d\u2019\u00e9tudes, validation des acquis, cours par         correspondance, internet\u2026).<\/span><\/p>\n<p class=\"MsoNormal\" style=\"text-align: justify; text-indent: 1cm;\"><span style=\"font-size: 11pt;\">Renseignez-vous en consultant le site <a href=\"http:\/\/w3.letmod.univ-tlse2.fr\/occitan\" target=\"_blank\">http:\/\/w3.letmod.univ-tlse2.fr\/occitan<\/a> ou en envoyant un mail \u00e0 <a>occitan@univ-tlse2.fr<\/a>.<\/span><\/p>\n<p class=\"MsoNormal\" style=\"text-align: center;\" align=\"center\"><strong><span style=\"font-size: 11pt; color: red;\">Estudiatz           l\u2019occitan del s\u00e8gle           XXI (e d\u2019avant) a l\u2019Universitat de Tolosa II-Lo Miralh<\/span><\/strong><\/p>\n<p class=\"MsoNormal\" style=\"text-align: center;\" align=\"center\"><strong><span style=\"font-size: 11pt; color: red;\">___________________________________________________________<\/span><\/strong><\/p>\n<pre class=\"moz-signature\">--\r\nMarie-Jeanne VERNY, Ma\u00eetre de conf\u00e9rences<\/pre>\n","protected":false},"excerpt":{"rendered":"<div class=\"mh-excerpt\">La formation \u00e0 Toulouse et \u00e0 Montpellier<\/div>\n","protected":false},"author":2,"featured_media":0,"comment_status":"open","ping_status":"open","sticky":false,"template":"","format":"standard","meta":{"_jetpack_memberships_contains_paid_content":false,"footnotes":"","_links_to":"","_links_to_target":""},"categories":[266,10],"tags":[319,968,830,627,8,3631,117],"coauthors":[],"class_list":{"0":"post-5209","1":"post","2":"type-post","3":"status-publish","4":"format-standard","6":"category-activites-occitanes","7":"category-occitanie","8":"tag-felco","9":"tag-formation","10":"tag-metier","11":"tag-montpellier","12":"tag-occitan","13":"tag-occitanie","14":"tag-toulouse"},"jetpack_featured_media_url":"","jetpack_sharing_enabled":true,"_links":{"self":[{"href":"https:\/\/www.o-p-i.fr\/7alire\/wp-json\/wp\/v2\/posts\/5209","targetHints":{"allow":["GET"]}}],"collection":[{"href":"https:\/\/www.o-p-i.fr\/7alire\/wp-json\/wp\/v2\/posts"}],"about":[{"href":"https:\/\/www.o-p-i.fr\/7alire\/wp-json\/wp\/v2\/types\/post"}],"author":[{"embeddable":true,"href":"https:\/\/www.o-p-i.fr\/7alire\/wp-json\/wp\/v2\/users\/2"}],"replies":[{"embeddable":true,"href":"https:\/\/www.o-p-i.fr\/7alire\/wp-json\/wp\/v2\/comments?post=5209"}],"version-history":[{"count":3,"href":"https:\/\/www.o-p-i.fr\/7alire\/wp-json\/wp\/v2\/posts\/5209\/revisions"}],"predecessor-version":[{"id":5212,"href":"https:\/\/www.o-p-i.fr\/7alire\/wp-json\/wp\/v2\/posts\/5209\/revisions\/5212"}],"wp:attachment":[{"href":"https:\/\/www.o-p-i.fr\/7alire\/wp-json\/wp\/v2\/media?parent=5209"}],"wp:term":[{"taxonomy":"category","embeddable":true,"href":"https:\/\/www.o-p-i.fr\/7alire\/wp-json\/wp\/v2\/categories?post=5209"},{"taxonomy":"post_tag","embeddable":true,"href":"https:\/\/www.o-p-i.fr\/7alire\/wp-json\/wp\/v2\/tags?post=5209"},{"taxonomy":"author","embeddable":true,"href":"https:\/\/www.o-p-i.fr\/7alire\/wp-json\/wp\/v2\/coauthors?post=5209"}],"curies":[{"name":"wp","href":"https:\/\/api.w.org\/{rel}","templated":true}]}}