{"id":5835,"date":"2011-03-01T03:10:16","date_gmt":"2011-03-01T01:10:16","guid":{"rendered":"\/7alire\/?p=5835"},"modified":"2024-03-02T21:40:45","modified_gmt":"2024-03-02T19:40:45","slug":"michel-vayssieres-biographie","status":"publish","type":"post","link":"https:\/\/www.o-p-i.fr\/7alire\/7-a-lire-actu\/michel-vayssieres-biographie\/","title":{"rendered":"Michel VAYSSIERES. Biographie"},"content":{"rendered":"<figure id=\"attachment_5871\" aria-describedby=\"caption-attachment-5871\" style=\"width: 250px\" class=\"wp-caption alignleft\"><a href=\"https:\/\/www.o-p-i.fr\/7alire\/wp-content\/uploads\/michel_vayssieres.jpg\"><img loading=\"lazy\" decoding=\"async\" class=\"size-full wp-image-5871\" title=\"Michel Vayssi\u00e8res\" src=\"https:\/\/www.o-p-i.fr\/7alire\/wp-content\/uploads\/michel_vayssieres.jpg\" alt=\"Michel Vayssi\u00e8res\" width=\"250\" height=\"343\" srcset=\"https:\/\/www.o-p-i.fr\/7alire\/wp-content\/uploads\/michel_vayssieres.jpg 250w, https:\/\/www.o-p-i.fr\/7alire\/wp-content\/uploads\/michel_vayssieres-218x300.jpg 218w\" sizes=\"auto, (max-width: 250px) 100vw, 250px\" \/><\/a><figcaption id=\"caption-attachment-5871\" class=\"wp-caption-text\">Michel Vayssi\u00e8res<\/figcaption><\/figure>\n<p style=\"text-align: justify;\">Michel Vaysi\u00e8res est n\u00e9 \u00e0 Canals o\u00f9 il a \u00e9t\u00e9 exploitant agricole. En 1968, il devient correspondant de Sud-Ouest et depuis 1977, il est correspondant de la D\u00e9p\u00eache du Midi. Il est fortement investi dans le milieu professionnel et mutualiste (Pr\u00e9sident de l\u2018\u00e9chelon local de la MSA, vice-pr\u00e9sident de la caisse locale de Cr\u00e9dit Agricole de Grisolles\u2026) ainsi que dans le milieu associatif (Vice pr\u00e9sident de la F\u00e9d\u00e9ration D\u00e9partementale des Foyers Ruraux de T-et-G, membre du conseil d\u2018administration de l\u2019Association D\u00e9partementale de Protection Civile du T-et-G, pr\u00e9sident de Loisirs et Culture de Canals, pr\u00e9sident de Camidoc, secr\u00e9taire de la P\u00e9tanque Canalaise\u2026). Il a re\u00e7u le Prix Tout Ouie de l\u2019Union des correspondants de presse en 1997, Les Palmes de bronze de la Fondation du b\u00e9n\u00e9volat en 2001, le troph\u00e9e de la culture du conseil g\u00e9n\u00e9ral de T-et-g en 2002, la m\u00e9daille d\u2019argent de la F\u00e9d\u00e9ration Fran\u00e7aise de p\u00e9tanque en 2004, la m\u00e9daille de la D\u00e9p\u00eache du Midi en 2010, la m\u00e9daille d\u2019or de la Protection Civile en 2011&#8230;<\/p>\n<ul>\n<li>\n<p lang=\"fr-FR\" align=\"LEFT\"><span style=\"color: #000000;\"><span style=\"font-family: Helvetica Neue, serif;\"><span style=\"font-size: medium;\"><span lang=\"fr-FR\"><span style=\"color: #444444;\"><span style=\"font-family: Helvetica, serif;\"><span style=\"font-size: x-large;\"><span lang=\"en-US\"><b>CONTACT:<\/b><\/span><\/span><\/span><\/span><\/span><\/span><\/span><\/span><\/p>\n<\/li>\n<\/ul>\n<p lang=\"fr-FR\" align=\"LEFT\"><span style=\"color: #000000;\"><span style=\"font-family: Helvetica Neue, serif;\"><span style=\"font-size: medium;\"><span lang=\"fr-FR\" style=\"color: #000000;\"><span style=\"font-family: Helvetica, serif;\"><span style=\"font-size: large;\">Email: <a href=\"mailto:vayssieres-michel@wanadoo.fr\">vayssieres-michel@wanadoo.fr<\/a><\/span><\/span><\/span><span lang=\"fr-FR\"><span style=\"color: #ff2600;\"><span style=\"font-family: Helvetica, serif;\"><span style=\"font-size: large;\"><br \/>\n<\/span><\/span><\/span><\/span><span lang=\"fr-FR\"><span style=\"color: #0a0a0a;\"><span style=\"font-family: Helvetica, serif;\"><span style=\"font-size: large;\">Site auteur: <\/span><\/span><\/span><\/span><span style=\"color: #428bca;\"><span style=\"font-size: large;\"><span lang=\"nl-NL\"><u><a href=\"https:\/\/jfvaissiere.wixsite.com\/jfvaissiere-auteur\"><span style=\"font-family: Helvetica, serif;\">https:\/\/jfvaissiere.wixsite.com\/jfvaissiere-auteur<\/span><\/a><\/u><\/span><\/span><\/span><span lang=\"fr-FR\"><span style=\"color: #0a0a0a;\"><span style=\"font-family: Helvetica, serif;\"><span style=\"font-size: large;\"><br \/>\n<\/span><\/span><\/span><\/span><span lang=\"fr-FR\"><span style=\"color: #0a0a0a;\"><span style=\"font-family: Helvetica, serif;\"><span style=\"font-size: large;\"><span lang=\"it-IT\">Mobile: 06 38 59 00 56<\/span><\/span><\/span><\/span><\/span><\/span><\/span><\/span><\/p>\n<ul>\n<li>\n<p lang=\"fr-FR\" align=\"LEFT\"><span style=\"color: #000000;\"><span style=\"font-family: Helvetica Neue, serif;\"><span style=\"font-size: medium;\"><span lang=\"fr-FR\"><span style=\"color: #444444;\"><span style=\"font-family: Helvetica, serif;\"><span style=\"font-size: x-large;\"><b>BIBLIOGRAPHIE<\/b><\/span><\/span><\/span><\/span><\/span><\/span><\/span><\/p>\n<\/li>\n<\/ul>\n<p lang=\"fr-FR\" align=\"LEFT\"><span style=\"color: #000000;\"><span style=\"font-family: Helvetica Neue, serif;\"><span style=\"font-size: medium;\"><a href=\"https:\/\/www.o-p-i.fr\/7alire\/non-classe\/chroniques-du-bord-de-garonneet-dailleurs\/\"><span style=\"font-size: large;\"><span lang=\"fr-FR\"><span style=\"font-family: Helvetica, serif;\">\u00ab Chroniques du bord de Garonne\u2026et d<\/span><\/span><\/span><span lang=\"fr-FR\"><span style=\"font-family: Arial Unicode MS, serif;\"><span style=\"font-size: large;\">\u2019<\/span><\/span><\/span><span style=\"font-size: large;\"><span lang=\"fr-FR\"><span style=\"font-family: Helvetica, serif;\">ailleurs <\/span><\/span><\/span><span lang=\"fr-FR\"><span style=\"font-family: Helvetica, serif;\"><span style=\"font-size: large;\"><span lang=\"it-IT\">\u00bb<\/span><\/span><\/span><\/span><\/a><span style=\"font-size: large;\"><span lang=\"fr-FR\"><span style=\"font-family: Helvetica, serif;\"> \u00c9ditions Le Solitaire 2018<\/span><\/span><\/span><span style=\"font-size: large;\"><span lang=\"fr-FR\"><span style=\"font-family: Helvetica, serif;\"><br \/>\n<\/span><\/span><\/span><span style=\"font-size: large;\"><span lang=\"fr-FR\"><u><a href=\"http:\/\/www.ed-lesolitaire.com\/a1-vaissiere.pdf\"><span style=\"font-family: Helvetica, serif;\">http:\/\/www.ed-lesolitaire.com\/a1-vaissiere.pdf<\/span><\/a><\/u><\/span><\/span><\/span><\/span><\/span><\/p>\n<p lang=\"fr-FR\" align=\"LEFT\"><span style=\"color: #000000;\"><span style=\"font-family: Helvetica Neue, serif;\"><span style=\"font-size: medium;\"><span lang=\"fr-FR\"><span style=\"color: #0a0a0a;\"><span style=\"font-family: Helvetica, serif;\"><span style=\"font-size: large;\"><br \/>\n\u00ab <\/span><\/span><\/span><\/span><span lang=\"fr-FR\"><span style=\"color: #0a0a0a;\"><span style=\"font-family: Helvetica, serif;\"><span style=\"font-size: large;\">Ne pas briser le cercle <\/span><\/span><\/span><\/span><span lang=\"fr-FR\"><span style=\"color: #0a0a0a;\"><span style=\"font-family: Helvetica, serif;\"><span style=\"font-size: large;\"><span lang=\"it-IT\">\u00bb <\/span><\/span><\/span><\/span><\/span><span lang=\"fr-FR\"><span style=\"color: #0a0a0a;\"><span style=\"font-family: Helvetica, serif;\"><span style=\"font-size: large;\"><span lang=\"es-ES\">Nombre7 <\/span><\/span><\/span><\/span><\/span><span lang=\"fr-FR\"><span style=\"color: #0a0a0a;\"><span style=\"font-family: Helvetica, serif;\"><span style=\"font-size: large;\">\u00c9ditions 2021<\/span><\/span><\/span><\/span><span lang=\"fr-FR\"><span style=\"color: #0a0a0a;\"><span style=\"font-family: Helvetica, serif;\"><span style=\"font-size: large;\"><br \/>\n<\/span><\/span><\/span><\/span><\/span><\/span><\/span><\/p>\n<p lang=\"fr-FR\" align=\"LEFT\"><span style=\"color: #000000;\"><span style=\"font-family: Helvetica Neue, serif;\"><span style=\"font-size: medium;\"><span lang=\"fr-FR\"><span style=\"color: #0a0a0a;\"><span style=\"font-family: Helvetica, serif;\"><span style=\"font-size: large;\">On en parle sur Babelio,<\/span><\/span><\/span><\/span><span lang=\"fr-FR\"><span style=\"color: #0a0a0a;\"><span style=\"font-family: Helvetica, serif;\"><span style=\"font-size: large;\"><br \/>\n<\/span><\/span><\/span><\/span><u><\/u><\/span><\/span><\/span><\/p>\n<p lang=\"fr-FR\" align=\"LEFT\"><span style=\"color: #333333;\"><span style=\"font-family: Helvetica Neue, serif;\"><span style=\"font-size: medium;\"><span lang=\"fr-FR\"><span style=\"font-family: Helvetica, serif;\"><span style=\"font-size: large;\">\u00ab\u00a0C\u2019est la vie!\u00a0\u00bb \u00c9ditions du Bord du Lot, 2023<\/span><\/span><\/span><\/span><\/span><\/span><\/p>\n<p lang=\"fr-FR\" align=\"LEFT\"><span style=\"color: #000000;\"><span style=\"font-family: Helvetica Neue, serif;\"><span style=\"font-size: medium;\"><span style=\"color: #ff2600;\"><span style=\"font-size: large;\"><span lang=\"en-US\"><u><a href=\"https:\/\/www.bordulot.fr\/detail-c-039-est-la-vie--640.html\"><span style=\"font-family: Helvetica, serif;\">https:\/\/www.bordulot.fr\/detail-c-039-est-la-vie&#8211;640.html<\/span><\/a><\/u><\/span><\/span><\/span><\/span><\/span><\/span><\/p>\n<p lang=\"fr-FR\" align=\"LEFT\"><span style=\"color: #000000;\"><span style=\"font-family: Helvetica Neue, serif;\"><span style=\"font-size: medium;\"><span lang=\"fr-FR\"><span style=\"color: #444444;\"><span style=\"font-family: Helvetica, serif;\"><span style=\"font-size: x-large;\"><b>DISCOGRAPHIE<\/b><\/span><\/span><\/span><\/span><br \/>\n<\/span><\/span><\/span><\/p>\n<p lang=\"fr-FR\" align=\"LEFT\"><span style=\"color: #000000;\"><span style=\"font-family: Helvetica Neue, serif;\"><span style=\"font-size: medium;\"><span lang=\"fr-FR\"><span style=\"font-family: Helvetica, serif;\"><span style=\"font-size: large;\">\u2013 <\/span><\/span><\/span><span lang=\"fr-FR\"><span style=\"font-family: Helvetica, serif;\"><span style=\"font-size: large;\"><span lang=\"pt-PT\">Carte de visite (JFVProd \/ Moisa<\/span><\/span><\/span><\/span><span lang=\"fr-FR\"><span style=\"font-family: Helvetica, serif;\"><span style=\"font-size: large;\"><span lang=\"nl-NL\">\u00ef<\/span><\/span><\/span><\/span><span lang=\"fr-FR\"><span style=\"font-family: Helvetica, serif;\"><span style=\"font-size: large;\"><span lang=\"it-IT\">c Music 2010)<\/span><\/span><\/span><\/span><span lang=\"fr-FR\"><span style=\"font-family: Helvetica, serif;\"><span style=\"font-size: large;\"><br \/>\n\u2013 <\/span><\/span><\/span><span lang=\"fr-FR\"><span style=\"font-family: Helvetica, serif;\"><span style=\"font-size: large;\">Tous ces mots (JFVProd 2014)<\/span><\/span><\/span><span lang=\"fr-FR\"><span style=\"font-family: Helvetica, serif;\"><span style=\"font-size: large;\"><br \/>\n\u2013 <\/span><\/span><\/span><span lang=\"fr-FR\"><span style=\"font-family: Helvetica, serif;\"><span style=\"font-size: large;\">Danser sous la pluie (JFVProd 2017)<\/span><\/span><\/span><span lang=\"fr-FR\"><span style=\"font-family: Helvetica, serif;\"><span style=\"font-size: large;\"><br \/>\n\u2013 <\/span><\/span><\/span><span lang=\"fr-FR\"><span style=\"font-family: Helvetica, serif;\"><span style=\"font-size: large;\">De la lune au soleil (JFVProd 2020)<\/span><\/span><\/span><\/span><\/span><\/span><\/p>\n<p style=\"text-align: justify;\"><span style=\"color: #99cc00;\"><strong>Contact :<\/strong><\/span><\/p>\n<p style=\"text-align: justify;\">Michel Vayssi\u00e8res<br \/>\n220 chemin de la Lande<br \/>\n82170 Canals<\/p>\n<p style=\"text-align: justify;\">Courriel : <a href=\"mailto:vayssieres-michel@wanadoo.fr\">vayssieres-michel@wanadoo.fr<\/a><\/p>\n","protected":false},"excerpt":{"rendered":"<div class=\"mh-excerpt\">Michel Vaysi\u00e8res est n\u00e9 \u00e0 Canals o\u00f9 il a \u00e9t\u00e9 exploitant agricole. En 1968, il devient correspondant de Sud-Ouest et depuis 1977, il est correspondant de la D\u00e9p\u00eache du Midi. Il est fortement investi dans <a class=\"mh-excerpt-more\" href=\"https:\/\/www.o-p-i.fr\/7alire\/7-a-lire-actu\/michel-vayssieres-biographie\/\" title=\"Michel VAYSSIERES. Biographie\">[&#8230;]<\/a><\/div>\n","protected":false},"author":3,"featured_media":0,"comment_status":"open","ping_status":"open","sticky":false,"template":"","format":"standard","meta":{"_jetpack_memberships_contains_paid_content":false,"footnotes":"","_links_to":"","_links_to_target":""},"categories":[1235,3,4,5],"tags":[1231,1228,1227,1229,1230],"coauthors":[],"class_list":{"0":"post-5835","1":"post","2":"type-post","3":"status-publish","4":"format-standard","6":"category--vayssieres-michel","7":"category-7-a-lire-actu","8":"category-auteurs-contemporains","9":"category-biographie","10":"tag-associatif","11":"tag-depeche-du-midi","12":"tag-michel-vayssieres","13":"tag-mutualiste","14":"tag-professionnel"},"jetpack_featured_media_url":"","jetpack_sharing_enabled":true,"_links":{"self":[{"href":"https:\/\/www.o-p-i.fr\/7alire\/wp-json\/wp\/v2\/posts\/5835","targetHints":{"allow":["GET"]}}],"collection":[{"href":"https:\/\/www.o-p-i.fr\/7alire\/wp-json\/wp\/v2\/posts"}],"about":[{"href":"https:\/\/www.o-p-i.fr\/7alire\/wp-json\/wp\/v2\/types\/post"}],"author":[{"embeddable":true,"href":"https:\/\/www.o-p-i.fr\/7alire\/wp-json\/wp\/v2\/users\/3"}],"replies":[{"embeddable":true,"href":"https:\/\/www.o-p-i.fr\/7alire\/wp-json\/wp\/v2\/comments?post=5835"}],"version-history":[{"count":8,"href":"https:\/\/www.o-p-i.fr\/7alire\/wp-json\/wp\/v2\/posts\/5835\/revisions"}],"predecessor-version":[{"id":23649,"href":"https:\/\/www.o-p-i.fr\/7alire\/wp-json\/wp\/v2\/posts\/5835\/revisions\/23649"}],"wp:attachment":[{"href":"https:\/\/www.o-p-i.fr\/7alire\/wp-json\/wp\/v2\/media?parent=5835"}],"wp:term":[{"taxonomy":"category","embeddable":true,"href":"https:\/\/www.o-p-i.fr\/7alire\/wp-json\/wp\/v2\/categories?post=5835"},{"taxonomy":"post_tag","embeddable":true,"href":"https:\/\/www.o-p-i.fr\/7alire\/wp-json\/wp\/v2\/tags?post=5835"},{"taxonomy":"author","embeddable":true,"href":"https:\/\/www.o-p-i.fr\/7alire\/wp-json\/wp\/v2\/coauthors?post=5835"}],"curies":[{"name":"wp","href":"https:\/\/api.w.org\/{rel}","templated":true}]}}