{"id":5841,"date":"2011-12-07T02:19:36","date_gmt":"2011-12-07T00:19:36","guid":{"rendered":"\/7alire\/?p=5841"},"modified":"2011-12-07T02:19:36","modified_gmt":"2011-12-07T00:19:36","slug":"les-livres-des-auteurs-de-7-a-lire-a-vienne-en-autriche","status":"publish","type":"post","link":"https:\/\/www.o-p-i.fr\/7alire\/7-a-lire-actu\/les-livres-des-auteurs-de-7-a-lire-a-vienne-en-autriche\/","title":{"rendered":"Les livres des auteurs de 7 \u00e0 lire ! \u00e0 Vienne en Autriche"},"content":{"rendered":"<p style=\"text-align: justify;\">Les auteurs de <em>7 \u00e0 lire !<\/em> ont bien de la chance ! Gr\u00e2ce \u00e0 notre ami Peter Cichon leurs ouvrages vont entrer \u00e0 la biblioth\u00e8que de l&rsquo;Universit\u00e9 de langues romanes ainsi qu&rsquo;\u00e0 la biblioth\u00e8que  de Vienne.<\/p>\n<p style=\"text-align: justify;\">Les auteurs qui souhaitent participer \u00e0 cette promotion internationale doivent se faire conna\u00eetre \u00e0 <a href=\"mailto:journalrobert@wanadoo.fr\">journalrobert@wanadoo.fr<\/a><\/p>\n<p style=\"text-align: justify;\">Robert Linas<\/p>\n","protected":false},"excerpt":{"rendered":"<div class=\"mh-excerpt\">Les auteurs de 7 \u00e0 lire ! ont bien de la chance ! Gr\u00e2ce \u00e0 notre ami Peter Cichon leurs ouvrages vont entrer \u00e0 la biblioth\u00e8que de l&rsquo;Universit\u00e9 de langues romanes ainsi qu&rsquo;\u00e0 la biblioth\u00e8que <a class=\"mh-excerpt-more\" href=\"https:\/\/www.o-p-i.fr\/7alire\/7-a-lire-actu\/les-livres-des-auteurs-de-7-a-lire-a-vienne-en-autriche\/\" title=\"Les livres des auteurs de 7 \u00e0 lire ! \u00e0 Vienne en Autriche\">[&#8230;]<\/a><\/div>\n","protected":false},"author":2,"featured_media":0,"comment_status":"open","ping_status":"open","sticky":false,"template":"","format":"standard","meta":{"_jetpack_memberships_contains_paid_content":false,"footnotes":"","_links_to":"","_links_to_target":""},"categories":[3,457,4],"tags":[48,1226,316,315],"coauthors":[],"class_list":{"0":"post-5841","1":"post","2":"type-post","3":"status-publish","4":"format-standard","6":"category-7-a-lire-actu","7":"category-actu_litteraires","8":"category-auteurs-contemporains","9":"tag-auteur","10":"tag-bibliotheque","11":"tag-langue-romane","12":"tag-vienne"},"jetpack_featured_media_url":"","jetpack_sharing_enabled":true,"_links":{"self":[{"href":"https:\/\/www.o-p-i.fr\/7alire\/wp-json\/wp\/v2\/posts\/5841","targetHints":{"allow":["GET"]}}],"collection":[{"href":"https:\/\/www.o-p-i.fr\/7alire\/wp-json\/wp\/v2\/posts"}],"about":[{"href":"https:\/\/www.o-p-i.fr\/7alire\/wp-json\/wp\/v2\/types\/post"}],"author":[{"embeddable":true,"href":"https:\/\/www.o-p-i.fr\/7alire\/wp-json\/wp\/v2\/users\/2"}],"replies":[{"embeddable":true,"href":"https:\/\/www.o-p-i.fr\/7alire\/wp-json\/wp\/v2\/comments?post=5841"}],"version-history":[{"count":2,"href":"https:\/\/www.o-p-i.fr\/7alire\/wp-json\/wp\/v2\/posts\/5841\/revisions"}],"predecessor-version":[{"id":5843,"href":"https:\/\/www.o-p-i.fr\/7alire\/wp-json\/wp\/v2\/posts\/5841\/revisions\/5843"}],"wp:attachment":[{"href":"https:\/\/www.o-p-i.fr\/7alire\/wp-json\/wp\/v2\/media?parent=5841"}],"wp:term":[{"taxonomy":"category","embeddable":true,"href":"https:\/\/www.o-p-i.fr\/7alire\/wp-json\/wp\/v2\/categories?post=5841"},{"taxonomy":"post_tag","embeddable":true,"href":"https:\/\/www.o-p-i.fr\/7alire\/wp-json\/wp\/v2\/tags?post=5841"},{"taxonomy":"author","embeddable":true,"href":"https:\/\/www.o-p-i.fr\/7alire\/wp-json\/wp\/v2\/coauthors?post=5841"}],"curies":[{"name":"wp","href":"https:\/\/api.w.org\/{rel}","templated":true}]}}