{"id":5902,"date":"2011-12-12T22:03:41","date_gmt":"2011-12-12T20:03:41","guid":{"rendered":"\/7alire\/?p=5902"},"modified":"2011-12-12T22:03:41","modified_gmt":"2011-12-12T20:03:41","slug":"gerard-freyssenge-prix-enric-mouly","status":"publish","type":"post","link":"https:\/\/www.o-p-i.fr\/7alire\/7-a-lire-actu\/concours_litteraires\/gerard-freyssenge-prix-enric-mouly\/","title":{"rendered":"G\u00e9rard Freyssenge. Prix Enric Mouly"},"content":{"rendered":"<figure id=\"attachment_5904\" aria-describedby=\"caption-attachment-5904\" style=\"width: 400px\" class=\"wp-caption alignright\"><a href=\"https:\/\/www.o-p-i.fr\/7alire\/wp-content\/uploads\/priux_henric_mouly.jpg\"><img loading=\"lazy\" decoding=\"async\" class=\"size-full wp-image-5904 \" title=\"Prix Enric Mouly\" src=\"https:\/\/www.o-p-i.fr\/7alire\/wp-content\/uploads\/priux_henric_mouly.jpg\" alt=\"Prix Henric Mouly\" width=\"400\" height=\"334\" srcset=\"https:\/\/www.o-p-i.fr\/7alire\/wp-content\/uploads\/priux_henric_mouly.jpg 400w, https:\/\/www.o-p-i.fr\/7alire\/wp-content\/uploads\/priux_henric_mouly-300x250.jpg 300w\" sizes=\"auto, (max-width: 400px) 100vw, 400px\" \/><\/a><figcaption id=\"caption-attachment-5904\" class=\"wp-caption-text\">Prix Enric Mouly<\/figcaption><\/figure>\n<p style=\"text-align: justify;\">Le Mercredi 30 novembre 2011 \u00e0 Paris, \u00e0 l&rsquo;Assembl\u00e9e nationale le Prix Enric Mouly, de l&rsquo;Acad\u00e9mie des Arts, Lettres et Sciences de Languedoc, a \u00e9t\u00e9 remis\u00a0 \u00e0 <a title=\"En savoir +\" href=\"https:\/\/www.o-p-i.fr\/7alire\/category\/auteurs-contemporains\/%C2%A9-freyssenge-gerard\/\" target=\"_blank\">G\u00e9rard Freyssenge<\/a> par le Professeur Edmond Jouve (\u00e0 droite sur la photo) et Philippe Folliot, D\u00e9put\u00e9 du Tarn (\u00e0 gauche sur la photo).<\/p>\n","protected":false},"excerpt":{"rendered":"<div class=\"mh-excerpt\">Le Mercredi 30 novembre 2011 \u00e0 Paris, \u00e0 l&rsquo;Assembl\u00e9e nationale le Prix Enric Mouly, de l&rsquo;Acad\u00e9mie des Arts, Lettres et Sciences de Languedoc, a \u00e9t\u00e9 remis\u00a0 \u00e0 G\u00e9rard Freyssenge par le Professeur Edmond Jouve (\u00e0 <a class=\"mh-excerpt-more\" href=\"https:\/\/www.o-p-i.fr\/7alire\/7-a-lire-actu\/concours_litteraires\/gerard-freyssenge-prix-enric-mouly\/\" title=\"G\u00e9rard Freyssenge. Prix Enric Mouly\">[&#8230;]<\/a><\/div>\n","protected":false},"author":2,"featured_media":0,"comment_status":"open","ping_status":"open","sticky":false,"template":"","format":"standard","meta":{"_jetpack_memberships_contains_paid_content":false,"footnotes":"","_links_to":"","_links_to_target":""},"categories":[1148,16],"tags":[354,1141,738,1243],"coauthors":[],"class_list":{"0":"post-5902","1":"post","2":"type-post","3":"status-publish","4":"format-standard","6":"category--freyssenge-gerard","7":"category-concours_litteraires","8":"tag-concours","9":"tag-gerard-freyssenge","10":"tag-prix","11":"tag-prix-enric-mouly"},"jetpack_featured_media_url":"","jetpack_sharing_enabled":true,"_links":{"self":[{"href":"https:\/\/www.o-p-i.fr\/7alire\/wp-json\/wp\/v2\/posts\/5902","targetHints":{"allow":["GET"]}}],"collection":[{"href":"https:\/\/www.o-p-i.fr\/7alire\/wp-json\/wp\/v2\/posts"}],"about":[{"href":"https:\/\/www.o-p-i.fr\/7alire\/wp-json\/wp\/v2\/types\/post"}],"author":[{"embeddable":true,"href":"https:\/\/www.o-p-i.fr\/7alire\/wp-json\/wp\/v2\/users\/2"}],"replies":[{"embeddable":true,"href":"https:\/\/www.o-p-i.fr\/7alire\/wp-json\/wp\/v2\/comments?post=5902"}],"version-history":[{"count":1,"href":"https:\/\/www.o-p-i.fr\/7alire\/wp-json\/wp\/v2\/posts\/5902\/revisions"}],"predecessor-version":[{"id":5905,"href":"https:\/\/www.o-p-i.fr\/7alire\/wp-json\/wp\/v2\/posts\/5902\/revisions\/5905"}],"wp:attachment":[{"href":"https:\/\/www.o-p-i.fr\/7alire\/wp-json\/wp\/v2\/media?parent=5902"}],"wp:term":[{"taxonomy":"category","embeddable":true,"href":"https:\/\/www.o-p-i.fr\/7alire\/wp-json\/wp\/v2\/categories?post=5902"},{"taxonomy":"post_tag","embeddable":true,"href":"https:\/\/www.o-p-i.fr\/7alire\/wp-json\/wp\/v2\/tags?post=5902"},{"taxonomy":"author","embeddable":true,"href":"https:\/\/www.o-p-i.fr\/7alire\/wp-json\/wp\/v2\/coauthors?post=5902"}],"curies":[{"name":"wp","href":"https:\/\/api.w.org\/{rel}","templated":true}]}}