{"id":5909,"date":"2011-12-13T11:30:17","date_gmt":"2011-12-13T09:30:17","guid":{"rendered":"\/7alire\/?p=5909"},"modified":"2011-12-13T11:30:17","modified_gmt":"2011-12-13T09:30:17","slug":"la-belugueta-de-tg%e2%80%99oc","status":"publish","type":"post","link":"https:\/\/www.o-p-i.fr\/7alire\/occitanie\/activites-occitanes\/la-belugueta-de-tg%e2%80%99oc\/","title":{"rendered":"La belugueta de TG\u2019OC"},"content":{"rendered":"<p style=\"text-align: justify;\"><strong>Bal Traditionnel \u00e0 Labarthe (82)<\/strong><br \/>\nL&rsquo;association Amiti\u00e9 Danse a le plaisir de vous convier au bal traditionnel des rois <strong>Vendredi 6 Janvier 2012<\/strong>.<br \/>\nSc\u00e8ne ouverte. Entr&rsquo;acte gourmande.<br \/>\nDanseurs et musiciens venez nombreux. (entr\u00e9e libre)<\/p>\n","protected":false},"excerpt":{"rendered":"<div class=\"mh-excerpt\">Bal Traditionnel \u00e0 Labarthe (82) L&rsquo;association Amiti\u00e9 Danse a le plaisir de vous convier au bal traditionnel des rois Vendredi 6 Janvier 2012. Sc\u00e8ne ouverte. Entr&rsquo;acte gourmande. Danseurs et musiciens venez nombreux. (entr\u00e9e libre)<\/div>\n","protected":false},"author":2,"featured_media":0,"comment_status":"open","ping_status":"open","sticky":false,"template":"","format":"standard","meta":{"_jetpack_memberships_contains_paid_content":false,"footnotes":"","_links_to":"","_links_to_target":""},"categories":[266,1189],"tags":[350,358],"coauthors":[],"class_list":{"0":"post-5909","1":"post","2":"type-post","3":"status-publish","4":"format-standard","6":"category-activites-occitanes","7":"category-la-belugueta-de-tgoc","8":"tag-bal","9":"tag-bal-trad"},"jetpack_featured_media_url":"","jetpack_sharing_enabled":true,"_links":{"self":[{"href":"https:\/\/www.o-p-i.fr\/7alire\/wp-json\/wp\/v2\/posts\/5909","targetHints":{"allow":["GET"]}}],"collection":[{"href":"https:\/\/www.o-p-i.fr\/7alire\/wp-json\/wp\/v2\/posts"}],"about":[{"href":"https:\/\/www.o-p-i.fr\/7alire\/wp-json\/wp\/v2\/types\/post"}],"author":[{"embeddable":true,"href":"https:\/\/www.o-p-i.fr\/7alire\/wp-json\/wp\/v2\/users\/2"}],"replies":[{"embeddable":true,"href":"https:\/\/www.o-p-i.fr\/7alire\/wp-json\/wp\/v2\/comments?post=5909"}],"version-history":[{"count":1,"href":"https:\/\/www.o-p-i.fr\/7alire\/wp-json\/wp\/v2\/posts\/5909\/revisions"}],"predecessor-version":[{"id":5910,"href":"https:\/\/www.o-p-i.fr\/7alire\/wp-json\/wp\/v2\/posts\/5909\/revisions\/5910"}],"wp:attachment":[{"href":"https:\/\/www.o-p-i.fr\/7alire\/wp-json\/wp\/v2\/media?parent=5909"}],"wp:term":[{"taxonomy":"category","embeddable":true,"href":"https:\/\/www.o-p-i.fr\/7alire\/wp-json\/wp\/v2\/categories?post=5909"},{"taxonomy":"post_tag","embeddable":true,"href":"https:\/\/www.o-p-i.fr\/7alire\/wp-json\/wp\/v2\/tags?post=5909"},{"taxonomy":"author","embeddable":true,"href":"https:\/\/www.o-p-i.fr\/7alire\/wp-json\/wp\/v2\/coauthors?post=5909"}],"curies":[{"name":"wp","href":"https:\/\/api.w.org\/{rel}","templated":true}]}}