{"id":609,"date":"2009-10-07T11:33:50","date_gmt":"2009-10-07T09:33:50","guid":{"rendered":"\/7alire\/?p=609"},"modified":"2014-12-28T17:27:44","modified_gmt":"2014-12-28T15:27:44","slug":"le-frisson-des-arbres-tome-ii-les-yeux-derriere-la-tete","status":"publish","type":"post","link":"https:\/\/www.o-p-i.fr\/7alire\/genre\/roman\/le-frisson-des-arbres-tome-ii-les-yeux-derriere-la-tete\/","title":{"rendered":"\u00ab\u00a0Les yeux derri\u00e8re la t\u00eate &#8211; Tome II &#8211; Le Frisson des arbres \u00ab\u00a0. Colette DELPON"},"content":{"rendered":"<p style=\"text-align: justify;\">\n<p style=\"text-align: justify;\">\n<figure id=\"attachment_12000\" aria-describedby=\"caption-attachment-12000\" style=\"width: 200px\" class=\"wp-caption alignleft\"><a href=\"https:\/\/www.o-p-i.fr\/7alire\/wp-content\/uploads\/couv_yeux21.jpg\"><img loading=\"lazy\" decoding=\"async\" class=\"size-full wp-image-12000\" title=\"Le Frisson des arbres (Tome II &quot;Les yeux derri\u00e8re la t\u00eate&quot;). Colette DELPON\" src=\"https:\/\/www.o-p-i.fr\/7alire\/wp-content\/uploads\/couv_yeux21.jpg\" alt=\"Le Frisson des arbres (Tome II &quot;Les yeux derri\u00e8re la t\u00eate&quot;). Colette DELPON\" width=\"200\" height=\"321\" srcset=\"https:\/\/www.o-p-i.fr\/7alire\/wp-content\/uploads\/couv_yeux21.jpg 200w, https:\/\/www.o-p-i.fr\/7alire\/wp-content\/uploads\/couv_yeux21-186x300.jpg 186w\" sizes=\"auto, (max-width: 200px) 100vw, 200px\" \/><\/a><figcaption id=\"caption-attachment-12000\" class=\"wp-caption-text\">Le Frisson des arbres (Tome II &quot;Les yeux derri\u00e8re la t\u00eate&quot;). Colette DELPON<\/figcaption><\/figure>\n<p style=\"text-align: justify;\">Apr\u00e8s la d\u00e9couverte de l&rsquo;identit\u00e9 du meurtrier da sa grand-m\u00e8re, l&rsquo;existence parait reprendre un cours normal pour C\u00e9cile Levasseur. Certes, Claude Antonin est en fuite, mais le compagnon de la jeune v\u00e9t\u00e9rinaire, l&rsquo;inspecteur, Xavier Desbaud, ne m\u00e9nage ni son temps ni ses efforts pour rattraper ce dangereux psychopathe. La vie semble m\u00eame pleine de promesses, puisque C\u00e9cile d\u00e9cide de racheter les parts de son actuel collaborateur et de recruter un nouvel associ\u00e9. Mais c&rsquo;est sans compter sur l&rsquo;opini\u00e2tret\u00e9 litt\u00e9ralement d\u00e9mentielle de Claude, qui d\u00e9cide, apr\u00e8s avoir \u00e9t\u00e9 une premi\u00e8re fois d\u00e9couvert, de suspendre sa cavale pour revenir r\u00f4der autour de celle qui l&rsquo;obs\u00e8de, et s&rsquo;en prendre m\u00e9thodiquement et sadiquement aux personnes de son entourage. Peu \u00e0 peu, le jeu du chat et de la souris se met en place&#8230;<\/p>\n<p style=\"text-align: justify;\"><span style=\"color: #000000;\"><em>Note de l&rsquo;\u00e9diteur : Colette Delpon livre ici le 2\u00e8me tome des \u00ab\u00a0yeux derri\u00e8re la t\u00eate\u00a0\u00bb, \u00e0 l&rsquo;atmosph\u00e8re de plus en plus oppressante et \u00e9touffante, qui l&rsquo;impose d\u00e9finitivement dans le genre du thriller. En mettant en sc\u00e8ne les cercles de plus en plus \u00e9troits que d\u00e9crit Claude autour de son h\u00e9ro\u00efne et des siens, l&rsquo;auteur nous entra\u00eene donc dans un suspens allant crescendo et vers une issue qui ne pourra \u00eatre que tragique pour l&rsquo;un de ces deux \u00eatres. Mais, pour plagier une c\u00e9l\u00e8bre romanci\u00e8re anglaise, la mort est-elle n\u00e9cessairement une fin ?<\/em><\/span><\/p>\n<p style=\"text-align: justify;\"><em><span style=\"color: #003366;\">\u00c9dition Publibook &#8211; 2007<\/span><\/em><\/p>\n","protected":false},"excerpt":{"rendered":"<div class=\"mh-excerpt\">Apr\u00e8s la d\u00e9couverte de l&rsquo;identit\u00e9 du meurtrier da sa grand-m\u00e8re, l&rsquo;existence parait reprendre un cours normal pour C\u00e9cile Levasseur. Certes, Claude Antonin est en fuite, mais le compagnon de la jeune v\u00e9t\u00e9rinaire, l&rsquo;inspecteur, Xavier Desbaud, <a class=\"mh-excerpt-more\" href=\"https:\/\/www.o-p-i.fr\/7alire\/genre\/roman\/le-frisson-des-arbres-tome-ii-les-yeux-derriere-la-tete\/\" title=\"\u00ab\u00a0Les yeux derri\u00e8re la t\u00eate &#8211; Tome II &#8211; Le Frisson des arbres \u00ab\u00a0. Colette DELPON\">[&#8230;]<\/a><\/div>\n","protected":false},"author":1,"featured_media":0,"comment_status":"open","ping_status":"open","sticky":false,"template":"","format":"standard","meta":{"_jetpack_memberships_contains_paid_content":false,"footnotes":"","_links_to":"","_links_to_target":""},"categories":[115,79],"tags":[116,3641],"coauthors":[],"class_list":{"0":"post-609","1":"post","2":"type-post","3":"status-publish","4":"format-standard","6":"category--delpon-colette","7":"category-roman","8":"tag-colette-delpon","9":"tag-roman"},"jetpack_featured_media_url":"","jetpack_sharing_enabled":true,"_links":{"self":[{"href":"https:\/\/www.o-p-i.fr\/7alire\/wp-json\/wp\/v2\/posts\/609","targetHints":{"allow":["GET"]}}],"collection":[{"href":"https:\/\/www.o-p-i.fr\/7alire\/wp-json\/wp\/v2\/posts"}],"about":[{"href":"https:\/\/www.o-p-i.fr\/7alire\/wp-json\/wp\/v2\/types\/post"}],"author":[{"embeddable":true,"href":"https:\/\/www.o-p-i.fr\/7alire\/wp-json\/wp\/v2\/users\/1"}],"replies":[{"embeddable":true,"href":"https:\/\/www.o-p-i.fr\/7alire\/wp-json\/wp\/v2\/comments?post=609"}],"version-history":[{"count":7,"href":"https:\/\/www.o-p-i.fr\/7alire\/wp-json\/wp\/v2\/posts\/609\/revisions"}],"predecessor-version":[{"id":12002,"href":"https:\/\/www.o-p-i.fr\/7alire\/wp-json\/wp\/v2\/posts\/609\/revisions\/12002"}],"wp:attachment":[{"href":"https:\/\/www.o-p-i.fr\/7alire\/wp-json\/wp\/v2\/media?parent=609"}],"wp:term":[{"taxonomy":"category","embeddable":true,"href":"https:\/\/www.o-p-i.fr\/7alire\/wp-json\/wp\/v2\/categories?post=609"},{"taxonomy":"post_tag","embeddable":true,"href":"https:\/\/www.o-p-i.fr\/7alire\/wp-json\/wp\/v2\/tags?post=609"},{"taxonomy":"author","embeddable":true,"href":"https:\/\/www.o-p-i.fr\/7alire\/wp-json\/wp\/v2\/coauthors?post=609"}],"curies":[{"name":"wp","href":"https:\/\/api.w.org\/{rel}","templated":true}]}}