{"id":6181,"date":"2012-02-03T13:33:18","date_gmt":"2012-02-03T11:33:18","guid":{"rendered":"\/7alire\/?p=6181"},"modified":"2012-02-03T13:36:16","modified_gmt":"2012-02-03T11:36:16","slug":"la-begum-roman-de-lily-marie-fabre","status":"publish","type":"post","link":"https:\/\/www.o-p-i.fr\/7alire\/7-a-lire-actu\/la-begum-roman-de-lily-marie-fabre\/","title":{"rendered":"\u00ab\u00a0La begum\u00a0\u00bb. Roman de Lily Marie FABRE"},"content":{"rendered":"<figure id=\"attachment_6325\" aria-describedby=\"caption-attachment-6325\" style=\"width: 200px\" class=\"wp-caption alignleft\"><a href=\"https:\/\/www.o-p-i.fr\/7alire\/wp-content\/uploads\/couv_la-begum.jpg\"><img loading=\"lazy\" decoding=\"async\" class=\"size-full wp-image-6325\" title=\"Lily Marie FABRE\" src=\"https:\/\/www.o-p-i.fr\/7alire\/wp-content\/uploads\/couv_la-begum.jpg\" alt=\"Lily Marie FABRE\" width=\"200\" height=\"307\" srcset=\"https:\/\/www.o-p-i.fr\/7alire\/wp-content\/uploads\/couv_la-begum.jpg 200w, https:\/\/www.o-p-i.fr\/7alire\/wp-content\/uploads\/couv_la-begum-195x300.jpg 195w\" sizes=\"auto, (max-width: 200px) 100vw, 200px\" \/><\/a><figcaption id=\"caption-attachment-6325\" class=\"wp-caption-text\">Lily Marie FABRE<\/figcaption><\/figure>\n<p style=\"text-align: justify;\">La b\u00e9gum. Sur fond de chronique villageoise en Pays de Brive la Gaillarde, dans les ann\u00e9es quarante, les tribulations oniriques de zaza , une petite fille de huit ans.<\/p>\n<p><a title=\"Ouvre le site dans une nouvelle fen\u00eatre\" href=\"http:\/\/www.editions-pantheon.fr\/\" target=\"_blank\">Les \u00e9ditions du Panth\u00e9on<\/a> 27,cit\u00e9 industrielles- 75011 Paris \/\/\u00a0    T\u00e9l :\u00a0 01 43 71 17 72 &#8211; Fax 0143 71 14 46<\/p>\n<p><span style=\"color: #003366;\"><em>ISBN 2-84094-687-4 &#8211; Prix : 16,77 \u20ac<br \/>\n<\/em><\/span><\/p>\n<blockquote><p>En Vente :   Culture Evasion<br \/>\n7 rue de la R\u00e9publique<br \/>\n19100 Brive la Gaillarde<br \/>\nT\u00e9l : 05-55-74-18-11<br \/>\nE-mail : <a href=\"mailto:culture-evasion@orange.fr\">culture-evasion@orange.fr<\/a><\/p><\/blockquote>\n","protected":false},"excerpt":{"rendered":"<div class=\"mh-excerpt\">La b\u00e9gum. Sur fond de chronique villageoise en Pays de Brive la Gaillarde, dans les ann\u00e9es quarante, les tribulations oniriques de zaza , une petite fille de huit ans. Les \u00e9ditions du Panth\u00e9on 27,cit\u00e9 industrielles- <a class=\"mh-excerpt-more\" href=\"https:\/\/www.o-p-i.fr\/7alire\/7-a-lire-actu\/la-begum-roman-de-lily-marie-fabre\/\" title=\"\u00ab\u00a0La begum\u00a0\u00bb. Roman de Lily Marie FABRE\">[&#8230;]<\/a><\/div>\n","protected":false},"author":3,"featured_media":0,"comment_status":"open","ping_status":"open","sticky":false,"template":"","format":"standard","meta":{"_jetpack_memberships_contains_paid_content":false,"footnotes":"","_links_to":"","_links_to_target":""},"categories":[1250,3,4,79],"tags":[1288,1287,1249],"coauthors":[],"class_list":{"0":"post-6181","1":"post","2":"type-post","3":"status-publish","4":"format-standard","6":"category--fabre-lily-marie","7":"category-7-a-lire-actu","8":"category-auteurs-contemporains","9":"category-roman","10":"tag-1288","11":"tag-brive-la-gaillarde","12":"tag-lily-marie-fabre"},"jetpack_featured_media_url":"","jetpack_sharing_enabled":true,"_links":{"self":[{"href":"https:\/\/www.o-p-i.fr\/7alire\/wp-json\/wp\/v2\/posts\/6181","targetHints":{"allow":["GET"]}}],"collection":[{"href":"https:\/\/www.o-p-i.fr\/7alire\/wp-json\/wp\/v2\/posts"}],"about":[{"href":"https:\/\/www.o-p-i.fr\/7alire\/wp-json\/wp\/v2\/types\/post"}],"author":[{"embeddable":true,"href":"https:\/\/www.o-p-i.fr\/7alire\/wp-json\/wp\/v2\/users\/3"}],"replies":[{"embeddable":true,"href":"https:\/\/www.o-p-i.fr\/7alire\/wp-json\/wp\/v2\/comments?post=6181"}],"version-history":[{"count":6,"href":"https:\/\/www.o-p-i.fr\/7alire\/wp-json\/wp\/v2\/posts\/6181\/revisions"}],"predecessor-version":[{"id":6324,"href":"https:\/\/www.o-p-i.fr\/7alire\/wp-json\/wp\/v2\/posts\/6181\/revisions\/6324"}],"wp:attachment":[{"href":"https:\/\/www.o-p-i.fr\/7alire\/wp-json\/wp\/v2\/media?parent=6181"}],"wp:term":[{"taxonomy":"category","embeddable":true,"href":"https:\/\/www.o-p-i.fr\/7alire\/wp-json\/wp\/v2\/categories?post=6181"},{"taxonomy":"post_tag","embeddable":true,"href":"https:\/\/www.o-p-i.fr\/7alire\/wp-json\/wp\/v2\/tags?post=6181"},{"taxonomy":"author","embeddable":true,"href":"https:\/\/www.o-p-i.fr\/7alire\/wp-json\/wp\/v2\/coauthors?post=6181"}],"curies":[{"name":"wp","href":"https:\/\/api.w.org\/{rel}","templated":true}]}}