{"id":6370,"date":"2012-02-08T10:00:05","date_gmt":"2012-02-08T08:00:05","guid":{"rendered":"\/7alire\/?p=6370"},"modified":"2012-02-07T14:58:35","modified_gmt":"2012-02-07T12:58:35","slug":"tousis-en-oc-%c2%abla-lenga-aus-pots%c2%bb-le-nouvel-album-de-didier-tousis","status":"publish","type":"post","link":"https:\/\/www.o-p-i.fr\/7alire\/occitanie\/tousis-en-oc-%c2%abla-lenga-aus-pots%c2%bb-le-nouvel-album-de-didier-tousis\/","title":{"rendered":"Tousis en \u00d2c \u00abLa lenga aus p\u00f2ts\u00bb # Le nouvel album de Didier Tousis."},"content":{"rendered":"<h3><a href=\"https:\/\/www.o-p-i.fr\/7alire\/wp-content\/uploads\/tousisenoc-lenga.jpg\"><img loading=\"lazy\" decoding=\"async\" class=\"alignright size-full wp-image-6373\" title=\"tousisenoc-lenga\" src=\"https:\/\/www.o-p-i.fr\/7alire\/wp-content\/uploads\/tousisenoc-lenga.jpg\" alt=\"tousisenoc-lenga\" width=\"300\" height=\"100\" \/><\/a>Voil\u00e0 que le \u00a0\u00bb parlar negue \u00ab\u00a0, vient se m\u00ealer \u00e0 la partie !<\/h3>\n<p>Apr\u00e8s deux albums en fran\u00e7ais, Didier Tousis chante aujourd&rsquo;hui dans ce \u00ab\u00a0parlar negue\u00a0\u00bb, version salvatge del gascon de la c\u00f2sta de la Mar Granda (gascon de la c\u00f4te landaise).<\/p>\n<p>Tousis en \u00d2c, un spectacle o\u00f9 claquent les mots et les phrases empreintes de po\u00e9sie violente pour faire savourer la musicalit\u00e9 et la force de la langue.<\/p>\n<p>Didier Tousis : guitare et chant<\/p>\n<p>Lionel Gomez : charango, guitares<\/p>\n<p>Martin Lassouque : accord\u00e9on diatonique, cornemuse landaise<\/p>\n<p>Guillaume Navailles : basse<\/p>\n<p>Romain Gratalon : batterie<\/p>\n<blockquote>\n<h4><a href=\"https:\/\/www.o-p-i.fr\/7alire\/wp-content\/uploads\/tousisenoc.jpg\"><img loading=\"lazy\" decoding=\"async\" class=\"alignright size-full wp-image-6371\" title=\"tousisenoc\" src=\"https:\/\/www.o-p-i.fr\/7alire\/wp-content\/uploads\/tousisenoc.jpg\" alt=\"tousisenoc\" width=\"300\" height=\"298\" srcset=\"https:\/\/www.o-p-i.fr\/7alire\/wp-content\/uploads\/tousisenoc.jpg 300w, https:\/\/www.o-p-i.fr\/7alire\/wp-content\/uploads\/tousisenoc-150x150.jpg 150w\" sizes=\"auto, (max-width: 300px) 100vw, 300px\" \/><\/a>Album disponible<\/h4>\n<p>Prix public : 12 euros<\/p>\n<p>&#8211; par correspondance aux \u00c9ditions du bois ou chez Macarel.<\/p>\n<p>&#8211; chez Macarel, en magasin ou sur les foires et les march\u00e9s.<\/p>\n<p><strong>Macarel<\/strong><br \/>\n<a href=\"http:\/\/www.macarel.org\/Macarel\/macarel-occitanie?page=shop.product_details&amp;flypage=eny_fly_default.tpl&amp;product_id=1169&amp;category_id=24\">marcarel.org<\/a><br \/>\nZA du Rieucoulon<br \/>\n420 Rue A. Fleming<br \/>\n34430 ST JEAN de VEDAS<br \/>\nT\u00e9l. Fixe : 04 67 27 81 52<br \/>\nT\u00e9l. Port : 06 12 25 42 26<\/p>\n<p><strong>Editions du bois <em>(pour passer l\u2019hiver)<\/em><\/strong><br \/>\n<a href=\"http:\/\/www.tousis-en-oc.fr\/cd\">http:\/\/www.tousis-en-oc.fr\/cd<\/a><br \/>\nrte de Montjean<br \/>\n40140 SOUTONS<br \/>\nR\u00e8glement par ch\u00e8que \u00e0 l\u2019ordre des \u00ab \u00e9ditions du bois \u00bb<\/p>\n<p>Les toulousains peuvent se procurer le CD au bureau d&rsquo;org&amp;com<br \/>\n\u00e0 l&rsquo;Ostal d&rsquo;Occit\u00e0nia, 11 rue Malcousisant, Toulouse<\/p><\/blockquote>\n<p><strong>Pour en savoir + <\/strong><br \/>\n<a href=\"http:\/\/www.tousis-en-oc.fr\">www.tousis-en-oc.fr<\/a><\/p>\n","protected":false},"excerpt":{"rendered":"<div class=\"mh-excerpt\">Voil\u00e0 que le \u00a0\u00bb parlar negue \u00ab\u00a0, vient se m\u00ealer \u00e0 la partie ! Apr\u00e8s deux albums en fran\u00e7ais, Didier Tousis chante aujourd&rsquo;hui dans ce \u00ab\u00a0parlar negue\u00a0\u00bb, version salvatge del gascon de la c\u00f2sta de <a class=\"mh-excerpt-more\" href=\"https:\/\/www.o-p-i.fr\/7alire\/occitanie\/tousis-en-oc-%c2%abla-lenga-aus-pots%c2%bb-le-nouvel-album-de-didier-tousis\/\" title=\"Tousis en \u00d2c \u00abLa lenga aus p\u00f2ts\u00bb # Le nouvel album de Didier Tousis.\">[&#8230;]<\/a><\/div>\n","protected":false},"author":2,"featured_media":0,"comment_status":"open","ping_status":"open","sticky":false,"template":"","format":"standard","meta":{"_jetpack_memberships_contains_paid_content":false,"footnotes":"","_links_to":"","_links_to_target":""},"categories":[266,10],"tags":[1329,376,289,8,3631],"coauthors":[],"class_list":{"0":"post-6370","1":"post","2":"type-post","3":"status-publish","4":"format-standard","6":"category-activites-occitanes","7":"category-occitanie","8":"tag-didier-tousis","9":"tag-macarel","10":"tag-musique","11":"tag-occitan","12":"tag-occitanie"},"jetpack_featured_media_url":"","jetpack_sharing_enabled":true,"_links":{"self":[{"href":"https:\/\/www.o-p-i.fr\/7alire\/wp-json\/wp\/v2\/posts\/6370","targetHints":{"allow":["GET"]}}],"collection":[{"href":"https:\/\/www.o-p-i.fr\/7alire\/wp-json\/wp\/v2\/posts"}],"about":[{"href":"https:\/\/www.o-p-i.fr\/7alire\/wp-json\/wp\/v2\/types\/post"}],"author":[{"embeddable":true,"href":"https:\/\/www.o-p-i.fr\/7alire\/wp-json\/wp\/v2\/users\/2"}],"replies":[{"embeddable":true,"href":"https:\/\/www.o-p-i.fr\/7alire\/wp-json\/wp\/v2\/comments?post=6370"}],"version-history":[{"count":2,"href":"https:\/\/www.o-p-i.fr\/7alire\/wp-json\/wp\/v2\/posts\/6370\/revisions"}],"predecessor-version":[{"id":6374,"href":"https:\/\/www.o-p-i.fr\/7alire\/wp-json\/wp\/v2\/posts\/6370\/revisions\/6374"}],"wp:attachment":[{"href":"https:\/\/www.o-p-i.fr\/7alire\/wp-json\/wp\/v2\/media?parent=6370"}],"wp:term":[{"taxonomy":"category","embeddable":true,"href":"https:\/\/www.o-p-i.fr\/7alire\/wp-json\/wp\/v2\/categories?post=6370"},{"taxonomy":"post_tag","embeddable":true,"href":"https:\/\/www.o-p-i.fr\/7alire\/wp-json\/wp\/v2\/tags?post=6370"},{"taxonomy":"author","embeddable":true,"href":"https:\/\/www.o-p-i.fr\/7alire\/wp-json\/wp\/v2\/coauthors?post=6370"}],"curies":[{"name":"wp","href":"https:\/\/api.w.org\/{rel}","templated":true}]}}