{"id":643,"date":"2014-12-09T17:16:56","date_gmt":"2014-12-09T15:16:56","guid":{"rendered":"\/7alire\/?p=643"},"modified":"2022-02-06T20:21:31","modified_gmt":"2022-02-06T18:21:31","slug":"le-destin-de-blanche","status":"publish","type":"post","link":"https:\/\/www.o-p-i.fr\/7alire\/genre\/roman\/le-destin-de-blanche\/","title":{"rendered":"\u00ab\u00a0Le destin de Blanche\u00a0\u00bb. Roman de Jean DUPIN"},"content":{"rendered":"<figure id=\"attachment_11634\" aria-describedby=\"caption-attachment-11634\" style=\"width: 425px\" class=\"wp-caption alignleft\"><a href=\"https:\/\/www.o-p-i.fr\/7alire\/wp-content\/uploads\/couv_destin_blanche.jpg\"><img loading=\"lazy\" decoding=\"async\" class=\"wp-image-11634\" title=\"Le destin de Blanche\" src=\"https:\/\/www.o-p-i.fr\/7alire\/wp-content\/uploads\/couv_destin_blanche.jpg\" alt=\"Le destin de Blanche\" width=\"425\" height=\"631\" \/><\/a><figcaption id=\"caption-attachment-11634\" class=\"wp-caption-text\">Le destin de Blanche. Jean DUPIN<\/figcaption><\/figure>\n<p style=\"text-align: justify;\">\u00ab Le choc fut d\u2019une extr\u00eame violence. Le conducteur se pr\u00e9cipita vers la victime. H\u00e9b\u00e9t\u00e9, ne sachant que faire, il eut vite compris que le drame \u00e9tait total. Un filet de sang sortait des l\u00e8vres du bless\u00e9. Les secours arriv\u00e9s rapidement sur les lieux, durent constater que Marcel avait quitt\u00e9 ce monde\u2026 \u00bb<\/p>\n<p style=\"text-align: justify;\">Dans le petit village du Valat en Aveyron, Blanche se retrouve veuve, seule pour \u00e9lever son fils Paul \u00e2g\u00e9 de quelques mois. Apr\u00e8s de nombreuses difficult\u00e9s, elle trouve un emploi de serveuse dans un h\u00f4tel restaurant de Rodez alors que Paul est confi\u00e9 \u00e0 une famille dans laquelle il ne conna\u00eet que du bonheur.<\/p>\n<p style=\"text-align: justify;\">Cela fait deux ans que le Mar\u00e9chal a sign\u00e9 l\u2019armistice, mais en novembre 1942, l\u2019ennemi rompant le pacte, envahit la zone libre.<\/p>\n<p style=\"text-align: justify;\">Blanche n\u2019accepte pas la d\u00e9faite, elle s\u2019engage dans le camp de la r\u00e9volte, s\u2019exposant \u00e0 tous les dangers que couvrent les combattants de l\u2019arm\u00e9e secr\u00e8te.<\/p>\n<p style=\"text-align: justify;\">L\u2019auteur nous fait d\u00e9couvrir avec une rigoureuse pr\u00e9cision, ces hommes et ces femmes, pr\u00eats \u00e0 faire le sacrifice de leur vie pour chasser l\u2019envahisseur.<\/p>\n<p style=\"text-align: justify;\">Il nous relate ce qu\u2019\u00e9taient les camps de jeunesse, le STO, les privations d\u2019une population, r\u00e9sign\u00e9e d\u2019accepter pour se nourrir, les abus du march\u00e9 noir.<\/p>\n<p style=\"text-align: justify;\">Enfin, l\u2019embuscade meurtri\u00e8re tendue dur les pentes abruptes d\u2019une r\u00e9gion du L\u00e9vezou afin de retarder la division allemande se rendant sur le front de Normandie, tiendra le lecteur en haleine.<\/p>\n<p style=\"text-align: justify;\"><em><span style=\"color: #000000;\">L\u2019Aveyronnais Jean DUPIN nous livre ici un roman de fiction qui est une fid\u00e8le et \u00e9mouvante \u00e9vocation du pays sous l\u2019occupation allemande et dans lequel, certains \u00e9pisodes cocasses contrastent avec la dramatique r\u00e9alit\u00e9.<\/span><\/em><\/p>\n<p style=\"text-align: justify;\"><span style=\"color: #003366;\"><em>Roman. (2007) &#8211; Prix : 15\u20ac<\/em><\/span><\/p>\n<blockquote><p>Vous pouvez\u00a0 vous procurer le livre aupr\u00e8s de l&rsquo;auteur : Jean Dupin 51 chemin des Argoulets 31500 Toulouse (<a href=\"http:\/\/webmail.o-p-i.fr\/imp\/dynamic.php?page=mailbox#\">dupin.jean@orange.fr<\/a>)<\/p><\/blockquote>\n","protected":false},"excerpt":{"rendered":"<div class=\"mh-excerpt\">\u00ab Le choc fut d\u2019une extr\u00eame violence. Le conducteur se pr\u00e9cipita vers la victime. H\u00e9b\u00e9t\u00e9, ne sachant que faire, il eut vite compris que le drame \u00e9tait total. Un filet de sang sortait des l\u00e8vres <a class=\"mh-excerpt-more\" href=\"https:\/\/www.o-p-i.fr\/7alire\/genre\/roman\/le-destin-de-blanche\/\" title=\"\u00ab\u00a0Le destin de Blanche\u00a0\u00bb. Roman de Jean DUPIN\">[&#8230;]<\/a><\/div>\n","protected":false},"author":2,"featured_media":0,"comment_status":"open","ping_status":"open","sticky":false,"template":"","format":"standard","meta":{"_jetpack_memberships_contains_paid_content":false,"footnotes":"","_links_to":"","_links_to_target":""},"categories":[125,112,79],"tags":[3643,126,3641],"coauthors":[],"class_list":{"0":"post-643","1":"post","2":"type-post","3":"status-publish","4":"format-standard","6":"category--dupin-jean","7":"category-fiction","8":"category-roman","9":"tag-fiction","10":"tag-jean-dupin","11":"tag-roman"},"jetpack_featured_media_url":"","jetpack_sharing_enabled":true,"_links":{"self":[{"href":"https:\/\/www.o-p-i.fr\/7alire\/wp-json\/wp\/v2\/posts\/643","targetHints":{"allow":["GET"]}}],"collection":[{"href":"https:\/\/www.o-p-i.fr\/7alire\/wp-json\/wp\/v2\/posts"}],"about":[{"href":"https:\/\/www.o-p-i.fr\/7alire\/wp-json\/wp\/v2\/types\/post"}],"author":[{"embeddable":true,"href":"https:\/\/www.o-p-i.fr\/7alire\/wp-json\/wp\/v2\/users\/2"}],"replies":[{"embeddable":true,"href":"https:\/\/www.o-p-i.fr\/7alire\/wp-json\/wp\/v2\/comments?post=643"}],"version-history":[{"count":10,"href":"https:\/\/www.o-p-i.fr\/7alire\/wp-json\/wp\/v2\/posts\/643\/revisions"}],"predecessor-version":[{"id":22568,"href":"https:\/\/www.o-p-i.fr\/7alire\/wp-json\/wp\/v2\/posts\/643\/revisions\/22568"}],"wp:attachment":[{"href":"https:\/\/www.o-p-i.fr\/7alire\/wp-json\/wp\/v2\/media?parent=643"}],"wp:term":[{"taxonomy":"category","embeddable":true,"href":"https:\/\/www.o-p-i.fr\/7alire\/wp-json\/wp\/v2\/categories?post=643"},{"taxonomy":"post_tag","embeddable":true,"href":"https:\/\/www.o-p-i.fr\/7alire\/wp-json\/wp\/v2\/tags?post=643"},{"taxonomy":"author","embeddable":true,"href":"https:\/\/www.o-p-i.fr\/7alire\/wp-json\/wp\/v2\/coauthors?post=643"}],"curies":[{"name":"wp","href":"https:\/\/api.w.org\/{rel}","templated":true}]}}