{"id":6894,"date":"2012-04-03T19:42:41","date_gmt":"2012-04-03T17:42:41","guid":{"rendered":"\/7alire\/?p=6894"},"modified":"2012-04-03T19:42:56","modified_gmt":"2012-04-03T17:42:56","slug":"le-reveil-occitan-prepare-lestiu","status":"publish","type":"post","link":"https:\/\/www.o-p-i.fr\/7alire\/occitanie\/le-reveil-occitan-prepare-lestiu\/","title":{"rendered":"Le R\u00e9veil occitan pr\u00e9pare l&rsquo;ESTIU."},"content":{"rendered":"<figure id=\"attachment_6895\" aria-describedby=\"caption-attachment-6895\" style=\"width: 300px\" class=\"wp-caption alignright\"><a href=\"https:\/\/www.o-p-i.fr\/7alire\/wp-content\/uploads\/reveil_occ2012.jpg\"><img loading=\"lazy\" decoding=\"async\" class=\"size-full wp-image-6895\" title=\"L'\u00e9quipe du R\u00e9veil Occitan\" src=\"https:\/\/www.o-p-i.fr\/7alire\/wp-content\/uploads\/reveil_occ2012.jpg\" alt=\"L'\u00e9quipe du R\u00e9veil Occitan\" width=\"300\" height=\"228\" \/><\/a><figcaption id=\"caption-attachment-6895\" class=\"wp-caption-text\">L&#39;\u00e9quipe du R\u00e9veil Occitan<\/figcaption><\/figure>\n<p style=\"text-align: justify;\">L&rsquo;Estiu du R\u00e9veil occitan est un ensemble de manifestations gratuites organis\u00e9es par le R\u00e9veil occitan avec le soutien du Conseil G\u00e9n\u00e9ral ,de Tarn et Garonne, le Conseil R\u00e9gional de Midi-Pyr\u00e9n\u00e9es et les municipalit\u00e9s concern\u00e9es.<\/p>\n<p style=\"text-align: justify;\">La premi\u00e8re manifestation de L&rsquo;ESTIU est le festival de musiques traditionnelles de Montricoux dont la 15i\u00e8me \u00e9dition aura lieu le samedi 16 et dimanche 17 juin 2012 avec la participation de plus de 30 musiciens qui animeront le vide grenier g\u00e9ant, les bals occitans, la messe occitane, l&rsquo;ap\u00e9ro sardinade offert&#8230;. Un rendez vous tr\u00e8s appr\u00e9ci\u00e9 par les curieux et les passionn\u00e9s de danses et musiques traditionnelles.<\/p>\n<p style=\"text-align: justify;\">Pour pr\u00e9parer ce festival et l&rsquo;ensemble des manifestations de l&rsquo;Estiu du R\u00e9veil occitan que le bureau de cette dynamique association se r\u00e9unira vendredi 6 avril 2012 \u00e0 20h30.<\/p>\n<p style=\"text-align: justify;\"><strong>Renseignements : <\/strong><br \/>\nT\u00e9l. : 05 63 66 15 94 \/ 05 63 67 85 92\/ 06 71 00 29 25<br \/>\nCourriel : <a href=\"mailto:journalrobert@wanadoo.fr\">journalrobert@wanadoo.fr<\/a><\/p>\n<p>Robert Linas Autriche et Pays d&rsquo;Oc<\/p>\n","protected":false},"excerpt":{"rendered":"<div class=\"mh-excerpt\">L&rsquo;Estiu du R\u00e9veil occitan est un ensemble de manifestations gratuites organis\u00e9es par le R\u00e9veil occitan avec le soutien du Conseil G\u00e9n\u00e9ral ,de Tarn et Garonne, le Conseil R\u00e9gional de Midi-Pyr\u00e9n\u00e9es et les municipalit\u00e9s concern\u00e9es. La <a class=\"mh-excerpt-more\" href=\"https:\/\/www.o-p-i.fr\/7alire\/occitanie\/le-reveil-occitan-prepare-lestiu\/\" title=\"Le R\u00e9veil occitan pr\u00e9pare l&rsquo;ESTIU.\">[&#8230;]<\/a><\/div>\n","protected":false},"author":2,"featured_media":0,"comment_status":"open","ping_status":"open","sticky":false,"template":"","format":"standard","meta":{"_jetpack_memberships_contains_paid_content":false,"footnotes":"","_links_to":"","_links_to_target":""},"categories":[266,10],"tags":[1397,594,8,3631,269,375],"coauthors":[],"class_list":{"0":"post-6894","1":"post","2":"type-post","3":"status-publish","4":"format-standard","6":"category-activites-occitanes","7":"category-occitanie","8":"tag-messe","9":"tag-musiques-traditionnelles","10":"tag-occitan","11":"tag-occitanie","12":"tag-reveil-occitan","13":"tag-vide-grenier"},"jetpack_featured_media_url":"","jetpack_sharing_enabled":true,"_links":{"self":[{"href":"https:\/\/www.o-p-i.fr\/7alire\/wp-json\/wp\/v2\/posts\/6894","targetHints":{"allow":["GET"]}}],"collection":[{"href":"https:\/\/www.o-p-i.fr\/7alire\/wp-json\/wp\/v2\/posts"}],"about":[{"href":"https:\/\/www.o-p-i.fr\/7alire\/wp-json\/wp\/v2\/types\/post"}],"author":[{"embeddable":true,"href":"https:\/\/www.o-p-i.fr\/7alire\/wp-json\/wp\/v2\/users\/2"}],"replies":[{"embeddable":true,"href":"https:\/\/www.o-p-i.fr\/7alire\/wp-json\/wp\/v2\/comments?post=6894"}],"version-history":[{"count":3,"href":"https:\/\/www.o-p-i.fr\/7alire\/wp-json\/wp\/v2\/posts\/6894\/revisions"}],"predecessor-version":[{"id":6898,"href":"https:\/\/www.o-p-i.fr\/7alire\/wp-json\/wp\/v2\/posts\/6894\/revisions\/6898"}],"wp:attachment":[{"href":"https:\/\/www.o-p-i.fr\/7alire\/wp-json\/wp\/v2\/media?parent=6894"}],"wp:term":[{"taxonomy":"category","embeddable":true,"href":"https:\/\/www.o-p-i.fr\/7alire\/wp-json\/wp\/v2\/categories?post=6894"},{"taxonomy":"post_tag","embeddable":true,"href":"https:\/\/www.o-p-i.fr\/7alire\/wp-json\/wp\/v2\/tags?post=6894"},{"taxonomy":"author","embeddable":true,"href":"https:\/\/www.o-p-i.fr\/7alire\/wp-json\/wp\/v2\/coauthors?post=6894"}],"curies":[{"name":"wp","href":"https:\/\/api.w.org\/{rel}","templated":true}]}}