{"id":7140,"date":"2012-05-22T10:49:29","date_gmt":"2012-05-22T08:49:29","guid":{"rendered":"\/7alire\/?p=7140"},"modified":"2012-05-22T10:49:53","modified_gmt":"2012-05-22T08:49:53","slug":"la-belugueta-de-tg%e2%80%99oc-vous-informe","status":"publish","type":"post","link":"https:\/\/www.o-p-i.fr\/7alire\/occitanie\/la-belugueta-de-tg%e2%80%99oc-vous-informe\/","title":{"rendered":"La Belugueta de TG\u2019OC vous informe"},"content":{"rendered":"<h3>Association Antonin Perbosc \u2013 Institut d&rsquo;Etudes Occitanes 82 \/\/\/\u00a0 Calendrier des manifestations 2012.<\/h3>\n<ul>\n<li>\n<h3><strong>Balades toponymiques :<\/strong><\/h3>\n<\/li>\n<\/ul>\n<blockquote><p>&#8211;<strong> Dimanche 03 juin 2012 <\/strong>\u2013 \u00e0 ALBEFEUILLE LAGARDE-  RDV au Tap \u00e0 15h.<br \/>\n&#8211;\t<strong>Mercredi 22 aout 2012 <\/strong>\u2013 \u00e0 ESPINAS \u2013 RDV sur la place \u00e0 10h.<br \/>\n&#8211;\t<strong>Dimanche 23 septembre 2012<\/strong> &#8211; \u00e0 SEPTFONDS- RDV devant la salle des f\u00eates \u00e0 10h.<br \/>\n&#8211;\t<strong>Samedi 29 septembre 2012<\/strong> &#8211; \u00e0 ALBIAS \u2013 RDV devant la salle St-Georges \u00e0 17h.<\/p><\/blockquote>\n<ul>\n<li>\n<h3><strong>Th\u00e9\u00e2tre :<\/strong><\/h3>\n<\/li>\n<\/ul>\n<blockquote><p>&#8211;<strong> Vendredi 7 septembre 2012<\/strong> &#8211; \u00ab TEATRE DU TRASTET \u00bb aux Augustins.<\/p><\/blockquote>\n<ul>\n<li>\n<h3><strong>Conf\u00e9rence :<\/strong><\/h3>\n<\/li>\n<\/ul>\n<blockquote><p>&#8211;\t<strong>Samedi 13 octobre 2012 <\/strong>de 15h \u00e0 17h &#8211; Conf\u00e9rence de Mr. Alem SURRE-GARCIA.<br \/>\n&#8211;\t<strong>Vendredi 12 octobre 2012 <\/strong>\u00e0 partir de 18h &#8211; Conf\u00e9rence de Mme. Mich\u00e8le STENTA.<\/p><\/blockquote>\n<ul>\n<li>\n<h3><strong>Cin\u00e9ma :<\/strong><\/h3>\n<\/li>\n<\/ul>\n<blockquote><p>&#8211;\t<strong>Jeudi 18 octobre 2012<\/strong> \u00e0 partir de 18h &#8211; Projection de \u00ab Mostra de cinema Occitan \u00bb.<br \/>\n&#8211;\t<strong>Vendredi 19 octobre 2012<\/strong> de 15h \u00e0 22h\u00a0 &#8211; Projection de \u00ab Mostra de cinema Occitan \u00bb.<\/p><\/blockquote>\n<p><img loading=\"lazy\" decoding=\"async\" class=\"alignright size-full wp-image-7141\" title=\"ieo82\" src=\"https:\/\/www.o-p-i.fr\/7alire\/wp-content\/uploads\/ieo82.jpg\" alt=\"ieo82\" width=\"382\" height=\"200\" srcset=\"https:\/\/www.o-p-i.fr\/7alire\/wp-content\/uploads\/ieo82.jpg 382w, https:\/\/www.o-p-i.fr\/7alire\/wp-content\/uploads\/ieo82-300x157.jpg 300w\" sizes=\"auto, (max-width: 382px) 100vw, 382px\" \/><span style=\"color: #99cc00;\"><strong>Contact : <\/strong><\/span>Association Antonin Perbosc \u2013 Institut d&rsquo;Etudes Occitanes 82<br \/>\n307 avenue de Montech<br \/>\n82000 Montauban<\/p>\n<p>T\u00e9l. : 05 63 03 48 70<\/p>\n<p>Courriel : <a href=\"mailto:ieo82@orange.fr\">ieo82@orange.fr<\/a><\/p>\n","protected":false},"excerpt":{"rendered":"<div class=\"mh-excerpt\">Association Antonin Perbosc \u2013 Institut d&rsquo;Etudes Occitanes 82 \/\/\/\u00a0 Calendrier des manifestations 2012. Balades toponymiques : &#8211; Dimanche 03 juin 2012 \u2013 \u00e0 ALBEFEUILLE LAGARDE- RDV au Tap \u00e0 15h. &#8211; Mercredi 22 aout 2012 <a class=\"mh-excerpt-more\" href=\"https:\/\/www.o-p-i.fr\/7alire\/occitanie\/la-belugueta-de-tg%e2%80%99oc-vous-informe\/\" title=\"La Belugueta de TG\u2019OC vous informe\">[&#8230;]<\/a><\/div>\n","protected":false},"author":2,"featured_media":0,"comment_status":"open","ping_status":"open","sticky":false,"template":"","format":"standard","meta":{"_jetpack_memberships_contains_paid_content":false,"footnotes":"","_links_to":"","_links_to_target":""},"categories":[266,1189,10],"tags":[637,1004,383,311,75,8,3631,227,608],"coauthors":[],"class_list":{"0":"post-7140","1":"post","2":"type-post","3":"status-publish","4":"format-standard","6":"category-activites-occitanes","7":"category-la-belugueta-de-tgoc","8":"category-occitanie","9":"tag-antonin-perbosc","10":"tag-cinema","11":"tag-conference","12":"tag-ieo","13":"tag-montauban","14":"tag-occitan","15":"tag-occitanie","16":"tag-theatre","17":"tag-toponymie"},"jetpack_featured_media_url":"","jetpack_sharing_enabled":true,"_links":{"self":[{"href":"https:\/\/www.o-p-i.fr\/7alire\/wp-json\/wp\/v2\/posts\/7140","targetHints":{"allow":["GET"]}}],"collection":[{"href":"https:\/\/www.o-p-i.fr\/7alire\/wp-json\/wp\/v2\/posts"}],"about":[{"href":"https:\/\/www.o-p-i.fr\/7alire\/wp-json\/wp\/v2\/types\/post"}],"author":[{"embeddable":true,"href":"https:\/\/www.o-p-i.fr\/7alire\/wp-json\/wp\/v2\/users\/2"}],"replies":[{"embeddable":true,"href":"https:\/\/www.o-p-i.fr\/7alire\/wp-json\/wp\/v2\/comments?post=7140"}],"version-history":[{"count":5,"href":"https:\/\/www.o-p-i.fr\/7alire\/wp-json\/wp\/v2\/posts\/7140\/revisions"}],"predecessor-version":[{"id":7146,"href":"https:\/\/www.o-p-i.fr\/7alire\/wp-json\/wp\/v2\/posts\/7140\/revisions\/7146"}],"wp:attachment":[{"href":"https:\/\/www.o-p-i.fr\/7alire\/wp-json\/wp\/v2\/media?parent=7140"}],"wp:term":[{"taxonomy":"category","embeddable":true,"href":"https:\/\/www.o-p-i.fr\/7alire\/wp-json\/wp\/v2\/categories?post=7140"},{"taxonomy":"post_tag","embeddable":true,"href":"https:\/\/www.o-p-i.fr\/7alire\/wp-json\/wp\/v2\/tags?post=7140"},{"taxonomy":"author","embeddable":true,"href":"https:\/\/www.o-p-i.fr\/7alire\/wp-json\/wp\/v2\/coauthors?post=7140"}],"curies":[{"name":"wp","href":"https:\/\/api.w.org\/{rel}","templated":true}]}}