{"id":7305,"date":"2012-06-27T14:21:37","date_gmt":"2012-06-27T12:21:37","guid":{"rendered":"\/7alire\/?p=7305"},"modified":"2012-07-02T11:29:54","modified_gmt":"2012-07-02T09:29:54","slug":"jadore-le-chocolat-mais-pas-que-recettes-pour-enfants-eve-marinone","status":"publish","type":"post","link":"https:\/\/www.o-p-i.fr\/7alire\/7-a-lire-actu\/jadore-le-chocolat-mais-pas-que-recettes-pour-enfants-eve-marinone\/","title":{"rendered":"\u00ab\u00a0J&rsquo;adore le chocolat mais pas que\u00a0\u00bb. Recettes pour enfants. Eve MARINONE"},"content":{"rendered":"<p style=\"text-align: justify;\">\n<figure id=\"attachment_7325\" aria-describedby=\"caption-attachment-7325\" style=\"width: 200px\" class=\"wp-caption alignleft\"><img loading=\"lazy\" decoding=\"async\" class=\"size-full wp-image-7325\" title=\"Eve MARINONE\" src=\"https:\/\/www.o-p-i.fr\/7alire\/wp-content\/uploads\/couv_jaimelechocolatmaispasque.jpg\" alt=\"Eve MARINONE\" width=\"200\" height=\"169\" \/><figcaption id=\"caption-attachment-7325\" class=\"wp-caption-text\">Eve MARINONE<\/figcaption><\/figure>\n<p style=\"text-align: justify;\">\u00ab Chef Thomas est n\u00e9 dans un livre de cuisine, y a grandi dans les pages, respir\u00e9 les recettes. Nul ne conna\u00eet son visage, ne sait m\u00eame, au juste, le chiffre de son \u00e2ge. Mais on dit qu\u2019il est, parmi nous, un gar\u00e7on comme les autres\u2026 \u00bb<\/p>\n<p style=\"text-align: justify;\">Aurait-on pu imaginer que cette courte pr\u00e9sentation, en 4e de couverture, allumerait tant de journalistes \u00e0 vouloir rencontrer \u00ab absolument \u00bb ce myst\u00e9rieux Chef Thomas, \u00ab qui adore le chocolat mais pas que \u00bb ?<\/p>\n<p style=\"text-align: justify;\">L\u2019auteur et l\u2019illustrateur ont alors \u00e9t\u00e9 pris d\u2019assaut pour obtenir des \u00e9clairages sur cet inventeur de \u00ab recettes pour enfants \u00bb \u00be  recettes ici toutes joyeuses, color\u00e9es mais surtout \u00e9quilibr\u00e9es, vitamin\u00e9es, vraiment parfaites pour la sant\u00e9, bref des recettes o\u00f9 les enfants deviennent \u00e0 leur tour des chefs Thomas, puisqu\u2019ils apprennent \u00e0 tenir eux-m\u00eames les commandes de la cuisine de Maman et Papa\u2026<\/p>\n<p style=\"text-align: justify;\">Eve Marinone n\u2019a rien pu avouer d\u2019autre que \u00ab Je ne sais rien de lui, ne l\u2019ai jamais rencontr\u00e9, je vous dis ; il a gliss\u00e9 ses recettes dans ma bo\u00eete aux lettres, parfois directement sous ma porte, mais \u00e0 aucun moment je n\u2019ai pu le surprendre, il est peut-\u00eatre invisible. Allez savoir. \u00bb<\/p>\n<p style=\"text-align: justify;\">Gu\u00e8re plus d\u2019indices aupr\u00e8s de Morgan T., qui a r\u00e9pondu chez lui aux questions empress\u00e9es \u00be et toujours avec cette formule : \u00ab Mille excuses, pardonnez-moi, ne m\u2019en veuillez pas, je vous en prie, mais\u2026 je ne sais rien non plus ! D\u2019ailleurs, voyez-vous quelque part ici un Chef Thomas ? Moi je ne vois qu\u2019une foule de choses comme une louche, une passoire, un torchon (tr\u00e8s propre)\u2026 ! \u00bb<\/p>\n<p style=\"text-align: justify;\">Apr\u00e8s tout, quelle importance de d\u00e9busquer Chef Thomas quand, et d\u2019une certaine mani\u00e8re, il est \u00e0 nos c\u00f4t\u00e9s tout au long de ce livre ?<\/p>\n<p style=\"text-align: justify;\">Bon app\u00e9tit !<\/p>\n<p style=\"text-align: justify;\"><span style=\"color: #003366;\"><em>Format 21 x 21 cm \u2013 58 pages \u2013 20 recettes faciles avec photos couleurs des plats et nombreuses illustrations couleurs \u2013 Prix 16,90 \u20ac le livre &#8211; Frais de port inclus (France m\u00e9tropolitaine seulement \u2013 Pour envoi en nombre et autres pays, consulter l&rsquo;auteur sur <a href=\"mailto:delyne2003@yahoo.fr\">delyne2003@yahoo.fr<\/a> ou sur son site <a title=\"Ouvre le site dans une nouvelle fen\u00eatre\" href=\"http:\/\/www.voyages-gourmands.com\" target=\"_blank\">www.voyages-gourmands.com<\/a>)<\/em><\/span><\/p>\n","protected":false},"excerpt":{"rendered":"<div class=\"mh-excerpt\">\u00ab Chef Thomas est n\u00e9 dans un livre de cuisine, y a grandi dans les pages, respir\u00e9 les recettes. Nul ne conna\u00eet son visage, ne sait m\u00eame, au juste, le chiffre de son \u00e2ge. Mais <a class=\"mh-excerpt-more\" href=\"https:\/\/www.o-p-i.fr\/7alire\/7-a-lire-actu\/jadore-le-chocolat-mais-pas-que-recettes-pour-enfants-eve-marinone\/\" title=\"\u00ab\u00a0J&rsquo;adore le chocolat mais pas que\u00a0\u00bb. Recettes pour enfants. Eve MARINONE\">[&#8230;]<\/a><\/div>\n","protected":false},"author":3,"featured_media":0,"comment_status":"open","ping_status":"open","sticky":false,"template":"","format":"standard","meta":{"_jetpack_memberships_contains_paid_content":false,"footnotes":"","_links_to":"","_links_to_target":""},"categories":[1051,66,3,4,68],"tags":[1463,3638,119,1030,173],"coauthors":[],"class_list":{"0":"post-7305","1":"post","2":"type-post","3":"status-publish","4":"format-standard","6":"category--marinone-eve","7":"category-7-a-lire-pour-les-enfants","8":"category-7-a-lire-actu","9":"category-auteurs-contemporains","10":"category-cuisine","11":"tag-chef","12":"tag-cuisine","13":"tag-enfant","14":"tag-eve-marinone","15":"tag-recette"},"jetpack_featured_media_url":"","jetpack_sharing_enabled":true,"_links":{"self":[{"href":"https:\/\/www.o-p-i.fr\/7alire\/wp-json\/wp\/v2\/posts\/7305","targetHints":{"allow":["GET"]}}],"collection":[{"href":"https:\/\/www.o-p-i.fr\/7alire\/wp-json\/wp\/v2\/posts"}],"about":[{"href":"https:\/\/www.o-p-i.fr\/7alire\/wp-json\/wp\/v2\/types\/post"}],"author":[{"embeddable":true,"href":"https:\/\/www.o-p-i.fr\/7alire\/wp-json\/wp\/v2\/users\/3"}],"replies":[{"embeddable":true,"href":"https:\/\/www.o-p-i.fr\/7alire\/wp-json\/wp\/v2\/comments?post=7305"}],"version-history":[{"count":4,"href":"https:\/\/www.o-p-i.fr\/7alire\/wp-json\/wp\/v2\/posts\/7305\/revisions"}],"predecessor-version":[{"id":7318,"href":"https:\/\/www.o-p-i.fr\/7alire\/wp-json\/wp\/v2\/posts\/7305\/revisions\/7318"}],"wp:attachment":[{"href":"https:\/\/www.o-p-i.fr\/7alire\/wp-json\/wp\/v2\/media?parent=7305"}],"wp:term":[{"taxonomy":"category","embeddable":true,"href":"https:\/\/www.o-p-i.fr\/7alire\/wp-json\/wp\/v2\/categories?post=7305"},{"taxonomy":"post_tag","embeddable":true,"href":"https:\/\/www.o-p-i.fr\/7alire\/wp-json\/wp\/v2\/tags?post=7305"},{"taxonomy":"author","embeddable":true,"href":"https:\/\/www.o-p-i.fr\/7alire\/wp-json\/wp\/v2\/coauthors?post=7305"}],"curies":[{"name":"wp","href":"https:\/\/api.w.org\/{rel}","templated":true}]}}