{"id":7349,"date":"2012-07-04T14:53:18","date_gmt":"2012-07-04T12:53:18","guid":{"rendered":"\/7alire\/?p=7349"},"modified":"2012-07-04T14:53:18","modified_gmt":"2012-07-04T12:53:18","slug":"france-3-exploite-les-archives-de-tg%e2%80%99oc","status":"publish","type":"post","link":"https:\/\/www.o-p-i.fr\/7alire\/occitanie\/france-3-exploite-les-archives-de-tg%e2%80%99oc\/","title":{"rendered":"France 3 exploite les archives de TG\u2019\u00d2C"},"content":{"rendered":"<p style=\"text-align: justify;\">\n<figure id=\"attachment_7350\" aria-describedby=\"caption-attachment-7350\" style=\"width: 400px\" class=\"wp-caption alignright\"><img loading=\"lazy\" decoding=\"async\" class=\"size-full wp-image-7350\" title=\"En pr\u00e9sence des co-pr\u00e9sidents de TG'OC et de la journaliste de r\u00e9daction, le cadreur de FR3 a investi les r\u00e9serves du Centre de ressources de TG'OC\" src=\"https:\/\/www.o-p-i.fr\/7alire\/wp-content\/uploads\/france3-tgoc.jpg\" alt=\"En pr\u00e9sence des co-pr\u00e9sidents de TG'OC et de la journaliste de r\u00e9daction, le cadreur de FR3 a investi les r\u00e9serves du Centre de ressources de TG'OC\" width=\"400\" height=\"267\" srcset=\"https:\/\/www.o-p-i.fr\/7alire\/wp-content\/uploads\/france3-tgoc.jpg 400w, https:\/\/www.o-p-i.fr\/7alire\/wp-content\/uploads\/france3-tgoc-300x200.jpg 300w\" sizes=\"auto, (max-width: 400px) 100vw, 400px\" \/><figcaption id=\"caption-attachment-7350\" class=\"wp-caption-text\">En pr\u00e9sence des co-pr\u00e9sidents de TG&#39;OC et de la journaliste de r\u00e9daction, le cadreur de FR3 a investi les r\u00e9serves du Centre de ressources de TG&#39;OC<\/figcaption><\/figure>\n<p style=\"text-align: justify;\">Dans le cadre de la pr\u00e9paration d\u2019une s\u00e9quence-portrait de Nadal Rey, l\u2019\u00e9quipe de \u00abViure al pa\u00eds\u00bb, \u00e9mission diffus\u00e9e sur FR3 le dimanche matin (12h), a sollicit\u00e9 l\u2019aide de TG\u2019OC (Tarn e Garona occitan) pour filmer des panneaux de l\u2019exposition r\u00e9alis\u00e9e par l\u2019association \u00e0 l\u2019occasion du centenaire de son vice-pr\u00e9sident.<\/p>\n<p style=\"text-align: justify;\">Parmi les nombreuses activit\u00e9s de \u00ab Tarn e Garona occitan, (TG\u2019\u00d2C) association Fr\u00e9d\u00e9ric Cayrou\u00bb, l\u2019espace de ressources est un lieu privil\u00e9gi\u00e9 pour tous ceux qui sont \u00e0 la recherche de documents de culture occitane dans des domaines aussi divers que la litt\u00e9rature, la danse, le chant, les coutumes et traditions , etc . Les questions et demandes des \u00abchercheurs\u00bb sont d\u2019ailleurs parfois insolites ! \u2026et trouvent pratiquement toujours r\u00e9ponse gr\u00e2ce \u00e0 la perspicacit\u00e9 et aux nombreux relais de sp\u00e9cialistes des animateurs de TG\u2019\u00d3C. Les recherches peuvent \u00eatre faites par t\u00e9l\u00e9phone ou en venant consulter sur place. L\u2019\u00e9t\u00e9, pouvant s&rsquo;installer autour de tables \u00e0 l&rsquo;ombre, les \u00ab chercheurs \u00bb b\u00e9n\u00e9ficient d\u2019un d\u00e9cor tr\u00e8s bucolique puisque l\u2019espace de ressources de TG\u2019\u00d2C se situe dans un quartier champ\u00eatre tr\u00e8s agr\u00e9able de Montauban (\u00abparking\u00bb gratuit !)<\/p>\n<p style=\"text-align: justify;\">L\u2019espace ressources sera exceptionnellement inaccessible du 8 au 13 juillet inclus en raison de la participation de TG\u2019\u00d2C \u00e0 Lenga viva, l\u2019universit\u00e9 festivali\u00e8re occitane d\u2019\u00e9t\u00e9 de Midi-Pyr\u00e9n\u00e9es qui a lieu \u00e0 Lagu\u00e9pie. ( plus d\u2019infos sur <a title=\"Ouvre le site dans une nouvelle fen\u00eatre\" href=\"http:\/\/www.lengaviva.com\" target=\"_blank\">www.lengaviva.com<\/a>)<\/p>\n<p style=\"text-align: justify;\"><strong>Contact : <\/strong>TG\u2019\u00d2C<br \/>\nSaint Hilaire<br \/>\n<a title=\"Ouvre le plan dans une nouvelle fen\u00eatre\" href=\"https:\/\/maps.google.fr\/maps?q=396+chemin+d%E2%80%99Austrie+Saint+Hilaire&amp;ie=UTF8&amp;oe=utf-8&amp;client=firefox-a&amp;hnear=396+Chemin+d%27Austrie,+82000+Montauban,+Tarn-Et-Garonne,+Midi-Pyr%C3%A9n%C3%A9es&amp;gl=fr&amp;t=m&amp;z=16\" target=\"_blank\">396 chemin d\u2019Austrie<br \/>\n82000 MONTAUBAN<\/a><\/p>\n<p style=\"text-align: justify;\">T\u00e9l. : 06 13 59 38 64 ou 06 71 00 29 25<\/p>\n","protected":false},"excerpt":{"rendered":"<div class=\"mh-excerpt\">Dans le cadre de la pr\u00e9paration d\u2019une s\u00e9quence-portrait de Nadal Rey, l\u2019\u00e9quipe de \u00abViure al pa\u00eds\u00bb, \u00e9mission diffus\u00e9e sur FR3 le dimanche matin (12h), a sollicit\u00e9 l\u2019aide de TG\u2019OC (Tarn e Garona occitan) pour filmer <a class=\"mh-excerpt-more\" href=\"https:\/\/www.o-p-i.fr\/7alire\/occitanie\/france-3-exploite-les-archives-de-tg%e2%80%99oc\/\" title=\"France 3 exploite les archives de TG\u2019\u00d2C\">[&#8230;]<\/a><\/div>\n","protected":false},"author":2,"featured_media":0,"comment_status":"open","ping_status":"open","sticky":false,"template":"","format":"standard","meta":{"_jetpack_memberships_contains_paid_content":false,"footnotes":"","_links_to":"","_links_to_target":""},"categories":[266,10],"tags":[1468,1002,8,3631,3632,341,1469],"coauthors":[],"class_list":{"0":"post-7349","1":"post","2":"type-post","3":"status-publish","4":"format-standard","6":"category-activites-occitanes","7":"category-occitanie","8":"tag-france-3","9":"tag-laguepie","10":"tag-occitan","11":"tag-occitanie","12":"tag-tarn-e-garona-occitan","13":"tag-tgoc","14":"tag-viure-al-pais"},"jetpack_featured_media_url":"","jetpack_sharing_enabled":true,"_links":{"self":[{"href":"https:\/\/www.o-p-i.fr\/7alire\/wp-json\/wp\/v2\/posts\/7349","targetHints":{"allow":["GET"]}}],"collection":[{"href":"https:\/\/www.o-p-i.fr\/7alire\/wp-json\/wp\/v2\/posts"}],"about":[{"href":"https:\/\/www.o-p-i.fr\/7alire\/wp-json\/wp\/v2\/types\/post"}],"author":[{"embeddable":true,"href":"https:\/\/www.o-p-i.fr\/7alire\/wp-json\/wp\/v2\/users\/2"}],"replies":[{"embeddable":true,"href":"https:\/\/www.o-p-i.fr\/7alire\/wp-json\/wp\/v2\/comments?post=7349"}],"version-history":[{"count":2,"href":"https:\/\/www.o-p-i.fr\/7alire\/wp-json\/wp\/v2\/posts\/7349\/revisions"}],"predecessor-version":[{"id":7352,"href":"https:\/\/www.o-p-i.fr\/7alire\/wp-json\/wp\/v2\/posts\/7349\/revisions\/7352"}],"wp:attachment":[{"href":"https:\/\/www.o-p-i.fr\/7alire\/wp-json\/wp\/v2\/media?parent=7349"}],"wp:term":[{"taxonomy":"category","embeddable":true,"href":"https:\/\/www.o-p-i.fr\/7alire\/wp-json\/wp\/v2\/categories?post=7349"},{"taxonomy":"post_tag","embeddable":true,"href":"https:\/\/www.o-p-i.fr\/7alire\/wp-json\/wp\/v2\/tags?post=7349"},{"taxonomy":"author","embeddable":true,"href":"https:\/\/www.o-p-i.fr\/7alire\/wp-json\/wp\/v2\/coauthors?post=7349"}],"curies":[{"name":"wp","href":"https:\/\/api.w.org\/{rel}","templated":true}]}}