{"id":7492,"date":"2012-08-07T17:40:05","date_gmt":"2012-08-07T15:40:05","guid":{"rendered":"\/7alire\/?p=7492"},"modified":"2012-08-07T17:40:05","modified_gmt":"2012-08-07T15:40:05","slug":"11ieme-salon-de-cartes-postales-et-autres-collections-a-rodez-12","status":"publish","type":"post","link":"https:\/\/www.o-p-i.fr\/7alire\/journal_passionnes\/11ieme-salon-de-cartes-postales-et-autres-collections-a-rodez-12\/","title":{"rendered":"11i\u00e8me salon de cartes postales et autres collections \u00e0 Rodez (12)"},"content":{"rendered":"<p><strong>Dimanche 9 septembre 2012<\/strong>, 11i\u00e8me salon de cartes postales et autres collections<\/p>\n<p>Organis\u00e9 par le Carto Club Aveyronnais<\/p>\n<p>Salle des f\u00eates &#8211; RODEZ (12)<\/p>\n<p><span style=\"color: #99cc00;\"><strong>Contact : <\/strong><\/span><br \/>\nT\u00e9l. : 05 65 42 58 33<br \/>\nSite : <a title=\"Ouvre le site dans une nouvelle fen\u00eatre\" href=\"http:\/\/www.cartoclub12.com\" target=\"_blank\">www.cartoclub12.com<\/a><\/p>\n","protected":false},"excerpt":{"rendered":"<div class=\"mh-excerpt\">Dimanche 9 septembre 2012, 11i\u00e8me salon de cartes postales et autres collections Organis\u00e9 par le Carto Club Aveyronnais Salle des f\u00eates &#8211; RODEZ (12) Contact : T\u00e9l. : 05 65 42 58 33 Site : <a class=\"mh-excerpt-more\" href=\"https:\/\/www.o-p-i.fr\/7alire\/journal_passionnes\/11ieme-salon-de-cartes-postales-et-autres-collections-a-rodez-12\/\" title=\"11i\u00e8me salon de cartes postales et autres collections \u00e0 Rodez (12)\">[&#8230;]<\/a><\/div>\n","protected":false},"author":2,"featured_media":0,"comment_status":"open","ping_status":"open","sticky":false,"template":"","format":"standard","meta":{"_jetpack_memberships_contains_paid_content":false,"footnotes":"","_links_to":"","_links_to_target":""},"categories":[26,27],"tags":[3634,599,31,1543],"coauthors":[],"class_list":{"0":"post-7492","1":"post","2":"type-post","3":"status-publish","4":"format-standard","6":"category-journal_passionnes","7":"category-rdv_collectionneurs","8":"tag-collection","9":"tag-collectionneur","10":"tag-collections","11":"tag-rodez"},"jetpack_featured_media_url":"","jetpack_sharing_enabled":true,"_links":{"self":[{"href":"https:\/\/www.o-p-i.fr\/7alire\/wp-json\/wp\/v2\/posts\/7492","targetHints":{"allow":["GET"]}}],"collection":[{"href":"https:\/\/www.o-p-i.fr\/7alire\/wp-json\/wp\/v2\/posts"}],"about":[{"href":"https:\/\/www.o-p-i.fr\/7alire\/wp-json\/wp\/v2\/types\/post"}],"author":[{"embeddable":true,"href":"https:\/\/www.o-p-i.fr\/7alire\/wp-json\/wp\/v2\/users\/2"}],"replies":[{"embeddable":true,"href":"https:\/\/www.o-p-i.fr\/7alire\/wp-json\/wp\/v2\/comments?post=7492"}],"version-history":[{"count":1,"href":"https:\/\/www.o-p-i.fr\/7alire\/wp-json\/wp\/v2\/posts\/7492\/revisions"}],"predecessor-version":[{"id":7493,"href":"https:\/\/www.o-p-i.fr\/7alire\/wp-json\/wp\/v2\/posts\/7492\/revisions\/7493"}],"wp:attachment":[{"href":"https:\/\/www.o-p-i.fr\/7alire\/wp-json\/wp\/v2\/media?parent=7492"}],"wp:term":[{"taxonomy":"category","embeddable":true,"href":"https:\/\/www.o-p-i.fr\/7alire\/wp-json\/wp\/v2\/categories?post=7492"},{"taxonomy":"post_tag","embeddable":true,"href":"https:\/\/www.o-p-i.fr\/7alire\/wp-json\/wp\/v2\/tags?post=7492"},{"taxonomy":"author","embeddable":true,"href":"https:\/\/www.o-p-i.fr\/7alire\/wp-json\/wp\/v2\/coauthors?post=7492"}],"curies":[{"name":"wp","href":"https:\/\/api.w.org\/{rel}","templated":true}]}}